{"id":1067,"date":"2013-04-16T22:04:42","date_gmt":"2013-04-16T21:04:42","guid":{"rendered":"https:\/\/arrandeterra.es\/?p=1067"},"modified":"2013-04-16T22:04:42","modified_gmt":"2013-04-16T21:04:42","slug":"11-y-12-de-mayo-introduccion-al-arte-del-coaching-asistido-con-caballos-para-el-enriquecimiento-de-la-tarea-profesional","status":"publish","type":"post","link":"https:\/\/arrandeterra.es\/es\/11-y-12-de-mayo-introduccion-al-arte-del-coaching-asistido-con-caballos-para-el-enriquecimiento-de-la-tarea-profesional\/","title":{"rendered":"11 y 12 de mayo. Introducci\u00f3n al Arte del Coaching asistido con caballos para el enriquecimiento de la tarea profesional"},"content":{"rendered":"<p><a href=\"https:\/\/arrandeterra.es\/wp-content\/uploads\/romeu-i-gloria.min_1.jpg\"><img loading=\"lazy\" decoding=\"async\" class=\"aligncenter size-medium wp-image-1069\" title=\"romeu i gloria.min\" src=\"https:\/\/arrandeterra.es\/wp-content\/uploads\/romeu-i-gloria.min_1-300x213.jpg\" alt=\"\" width=\"300\" height=\"213\" srcset=\"https:\/\/arrandeterra.es\/wp-content\/uploads\/romeu-i-gloria.min_1-300x213.jpg 300w, https:\/\/arrandeterra.es\/wp-content\/uploads\/romeu-i-gloria.min_1.jpg 480w\" sizes=\"(max-width: 300px) 100vw, 300px\" \/><\/a><\/p>\n<p><strong>Arrandeterra y Inteliem<\/strong> se cogen de la mano para ofreceros este<br \/>\ncomplet\u00edsimo curso de 2 d\u00edas, dirigido a educadores, docentes, terapeutas,<br \/>\npsic\u00f3logos, psicopedagogos, pedagogos, y profesionales de la salud y del<br \/>\nbienestar.<\/p>\n<p>Este curso pretende proporcionar unas herramientas y estrategias que den<br \/>\nvalor a\u00f1adido a la labor profesional y al liderazgo personal.<\/p>\n<p>El aprendizaje vivencial a partir de la interacci\u00f3n con los caballos es<br \/>\nun recurso muy potente para desarrollar al m\u00e1ximo nuestras<br \/>\ncompetencias emocionales y de liderazgo.<\/p>\n<p>El caballo, con su sensibilidad y energ\u00eda especiales, nos permite<br \/>\nver reflejados nuestros talentos y liderazgo natural, al mismo tiempo que<br \/>\nnos ayuda a tomar conciencia de las emociones y reacciones que<br \/>\nafloran en nosotros, as\u00ed como del lenguaje y estilo comunicativo que<br \/>\nutilizamos para relacionarnos.<\/p>\n<p>Ll\u00e9vate una experiencia inolvidable. Con\u00e9ctate contigo mismo y con<br \/>\nlos caballos para conseguir una escucha m\u00e1s profunda, agudizar<br \/>\ntus sentidos y estar atento al momento presente y a tu intuici\u00f3n para<br \/>\nllegar a dar lo mejor de ti a los dem\u00e1s y a tu entorno\u00a0profesional y personal.<\/p>\n<p><strong>Objetivos: \u00a0\u00a0<\/strong><\/p>\n<p>-Iniciarse y aprender del arte de hacer preguntas poderosas.<br \/>\n-Profundizar en nuestros niveles de escucha para potenciar la conexi\u00f3n con nosotros\u00a0mismos y con los dem\u00e1s.<br \/>\n-Conocer y poner en pr\u00e1ctica herramientas del coaching para enriquecer la propia tarea profesional.<br \/>\n<strong><\/strong><\/p>\n<p><strong>Contenidos:<\/strong><\/p>\n<p>-La escucha con los 5 sentidos y la intuici\u00f3n<br \/>\n-Conciencia emocional<br \/>\n-El estado presente (el aqu\u00ed y el ahora) y el saber estar (la regulaci\u00f3n)<br \/>\n-El Feedback<br \/>\n-Estilos comunicativos<br \/>\n-El establecimiento de objetivos (metas, aspiraciones y la vocaci\u00f3n)<\/p>\n<p><strong>Metodolog\u00eda:<\/strong> an\u00e1lisis y reflexi\u00f3n de la realidad y pr\u00e1ctica profesional en relaci\u00f3n a la teor\u00eda\u00a0expuesta. Para una mejor comprensi\u00f3n de los contenidos se realizar\u00e1n actividades pr\u00e1cticas\u00a0(Ejercicios con caballos, din\u00e1micas, &#8230;). Se cuenta con la participaci\u00f3n activa de los asistentes a lo largo del desarrollo de las sesiones. (No se requiere experiencia previa con caballos).<br \/>\n<strong>Duraci\u00f3n:<\/strong> 12 horas.<br \/>\n<strong>Fechas y horario:<\/strong> s\u00e1bado, 11 de mayo, de 10 a 14h. y de 15 a 19h.<br \/>\ndomingo, 12 de mayo, de 10 a 14h.<br \/>\n<strong>Precio: 180 \u20ac<\/strong> (comida del s\u00e1bado, y coffee break de s\u00e1bado y domingo incluidos).<\/p>\n<p><strong>Inscripciones:<\/strong> rellena el formulario de nuestra web: \u00abAp\u00fantate a nuestros cursos\u00bb<\/p>\n<p>&nbsp;<\/p>\n<p>&nbsp;<\/p>\n","protected":false},"excerpt":{"rendered":"<p>Arrandeterra y Inteliem se cogen de la mano para ofreceros este complet\u00edsimo curso de 2 d\u00edas, dirigido a educadores, docentes, terapeutas, psic\u00f3logos, psicopedagogos, pedagogos, y profesionales de la salud y del bienestar. Este curso pretende proporcionar unas herramientas y estrategias que den valor a\u00f1adido a la labor profesional y al liderazgo personal. El aprendizaje vivencial [&hellip;]<\/p>\n","protected":false},"author":2,"featured_media":0,"comment_status":"open","ping_status":"closed","sticky":false,"template":"","format":"standard","meta":{"_et_pb_use_builder":"","_et_pb_old_content":"","_et_gb_content_width":"","footnotes":""},"categories":[17,25],"tags":[],"class_list":["post-1067","post","type-post","status-publish","format-standard","hentry","category-coaching-con-caballos","category-formacion-2"],"yoast_head":"<!-- This site is optimized with the Yoast SEO plugin v27.2 - https:\/\/yoast.com\/product\/yoast-seo-wordpress\/ -->\n<title>11 y 12 de mayo. Introducci\u00f3n al Arte del Coaching asistido con caballos para el enriquecimiento de la tarea profesional - Arrandeterra,coaching amb cavalls Girona.<\/title>\n<meta name=\"robots\" content=\"index, follow, max-snippet:-1, max-image-preview:large, max-video-preview:-1\" \/>\n<link rel=\"canonical\" href=\"https:\/\/arrandeterra.es\/es\/11-y-12-de-mayo-introduccion-al-arte-del-coaching-asistido-con-caballos-para-el-enriquecimiento-de-la-tarea-profesional\/\" \/>\n<meta property=\"og:locale\" content=\"es_ES\" \/>\n<meta property=\"og:type\" content=\"article\" \/>\n<meta property=\"og:title\" content=\"11 y 12 de mayo. Introducci\u00f3n al Arte del Coaching asistido con caballos para el enriquecimiento de la tarea profesional - Arrandeterra,coaching amb cavalls Girona.\" \/>\n<meta property=\"og:description\" content=\"Arrandeterra y Inteliem se cogen de la mano para ofreceros este complet\u00edsimo curso de 2 d\u00edas, dirigido a educadores, docentes, terapeutas, psic\u00f3logos, psicopedagogos, pedagogos, y profesionales de la salud y del bienestar. Este curso pretende proporcionar unas herramientas y estrategias que den valor a\u00f1adido a la labor profesional y al liderazgo personal. El aprendizaje vivencial [&hellip;]\" \/>\n<meta property=\"og:url\" content=\"https:\/\/arrandeterra.es\/es\/11-y-12-de-mayo-introduccion-al-arte-del-coaching-asistido-con-caballos-para-el-enriquecimiento-de-la-tarea-profesional\/\" \/>\n<meta property=\"og:site_name\" content=\"Arrandeterra,coaching amb cavalls Girona.\" \/>\n<meta property=\"article:published_time\" content=\"2013-04-16T21:04:42+00:00\" \/>\n<meta property=\"og:image\" content=\"https:\/\/arrandeterra.es\/wp-content\/uploads\/romeu-i-gloria.min_1-300x213.jpg\" \/>\n<meta name=\"author\" content=\"Joan Isern\" \/>\n<meta name=\"twitter:label1\" content=\"Escrito por\" \/>\n\t<meta name=\"twitter:data1\" content=\"Joan Isern\" \/>\n\t<meta name=\"twitter:label2\" content=\"Tiempo de lectura\" \/>\n\t<meta name=\"twitter:data2\" content=\"2 minutos\" \/>\n<script type=\"application\/ld+json\" class=\"yoast-schema-graph\">{\"@context\":\"https:\/\/schema.org\",\"@graph\":[{\"@type\":\"Article\",\"@id\":\"https:\/\/arrandeterra.es\/es\/11-y-12-de-mayo-introduccion-al-arte-del-coaching-asistido-con-caballos-para-el-enriquecimiento-de-la-tarea-profesional\/#article\",\"isPartOf\":{\"@id\":\"https:\/\/arrandeterra.es\/es\/11-y-12-de-mayo-introduccion-al-arte-del-coaching-asistido-con-caballos-para-el-enriquecimiento-de-la-tarea-profesional\/\"},\"author\":{\"name\":\"Joan Isern\",\"@id\":\"https:\/\/arrandeterra.es\/es\/#\/schema\/person\/7e907015ec3c95038cb1521578831bd8\"},\"headline\":\"11 y 12 de mayo. Introducci\u00f3n al Arte del Coaching asistido con caballos para el enriquecimiento de la tarea profesional\",\"datePublished\":\"2013-04-16T21:04:42+00:00\",\"mainEntityOfPage\":{\"@id\":\"https:\/\/arrandeterra.es\/es\/11-y-12-de-mayo-introduccion-al-arte-del-coaching-asistido-con-caballos-para-el-enriquecimiento-de-la-tarea-profesional\/\"},\"wordCount\":404,\"commentCount\":0,\"image\":{\"@id\":\"https:\/\/arrandeterra.es\/es\/11-y-12-de-mayo-introduccion-al-arte-del-coaching-asistido-con-caballos-para-el-enriquecimiento-de-la-tarea-profesional\/#primaryimage\"},\"thumbnailUrl\":\"https:\/\/arrandeterra.es\/wp-content\/uploads\/romeu-i-gloria.min_1-300x213.jpg\",\"articleSection\":[\"Coaching con caballos\",\"Formaci\u00f3n\"],\"inLanguage\":\"es\",\"potentialAction\":[{\"@type\":\"CommentAction\",\"name\":\"Comment\",\"target\":[\"https:\/\/arrandeterra.es\/es\/11-y-12-de-mayo-introduccion-al-arte-del-coaching-asistido-con-caballos-para-el-enriquecimiento-de-la-tarea-profesional\/#respond\"]}]},{\"@type\":\"WebPage\",\"@id\":\"https:\/\/arrandeterra.es\/es\/11-y-12-de-mayo-introduccion-al-arte-del-coaching-asistido-con-caballos-para-el-enriquecimiento-de-la-tarea-profesional\/\",\"url\":\"https:\/\/arrandeterra.es\/es\/11-y-12-de-mayo-introduccion-al-arte-del-coaching-asistido-con-caballos-para-el-enriquecimiento-de-la-tarea-profesional\/\",\"name\":\"11 y 12 de mayo. Introducci\u00f3n al Arte del Coaching asistido con caballos para el enriquecimiento de la tarea profesional - Arrandeterra,coaching amb cavalls Girona.\",\"isPartOf\":{\"@id\":\"https:\/\/arrandeterra.es\/es\/#website\"},\"primaryImageOfPage\":{\"@id\":\"https:\/\/arrandeterra.es\/es\/11-y-12-de-mayo-introduccion-al-arte-del-coaching-asistido-con-caballos-para-el-enriquecimiento-de-la-tarea-profesional\/#primaryimage\"},\"image\":{\"@id\":\"https:\/\/arrandeterra.es\/es\/11-y-12-de-mayo-introduccion-al-arte-del-coaching-asistido-con-caballos-para-el-enriquecimiento-de-la-tarea-profesional\/#primaryimage\"},\"thumbnailUrl\":\"https:\/\/arrandeterra.es\/wp-content\/uploads\/romeu-i-gloria.min_1-300x213.jpg\",\"datePublished\":\"2013-04-16T21:04:42+00:00\",\"author\":{\"@id\":\"https:\/\/arrandeterra.es\/es\/#\/schema\/person\/7e907015ec3c95038cb1521578831bd8\"},\"breadcrumb\":{\"@id\":\"https:\/\/arrandeterra.es\/es\/11-y-12-de-mayo-introduccion-al-arte-del-coaching-asistido-con-caballos-para-el-enriquecimiento-de-la-tarea-profesional\/#breadcrumb\"},\"inLanguage\":\"es\",\"potentialAction\":[{\"@type\":\"ReadAction\",\"target\":[\"https:\/\/arrandeterra.es\/es\/11-y-12-de-mayo-introduccion-al-arte-del-coaching-asistido-con-caballos-para-el-enriquecimiento-de-la-tarea-profesional\/\"]}]},{\"@type\":\"ImageObject\",\"inLanguage\":\"es\",\"@id\":\"https:\/\/arrandeterra.es\/es\/11-y-12-de-mayo-introduccion-al-arte-del-coaching-asistido-con-caballos-para-el-enriquecimiento-de-la-tarea-profesional\/#primaryimage\",\"url\":\"https:\/\/arrandeterra.es\/wp-content\/uploads\/romeu-i-gloria.min_1-300x213.jpg\",\"contentUrl\":\"https:\/\/arrandeterra.es\/wp-content\/uploads\/romeu-i-gloria.min_1-300x213.jpg\"},{\"@type\":\"BreadcrumbList\",\"@id\":\"https:\/\/arrandeterra.es\/es\/11-y-12-de-mayo-introduccion-al-arte-del-coaching-asistido-con-caballos-para-el-enriquecimiento-de-la-tarea-profesional\/#breadcrumb\",\"itemListElement\":[{\"@type\":\"ListItem\",\"position\":1,\"name\":\"Inici\",\"item\":\"https:\/\/arrandeterra.es\/es\/\"},{\"@type\":\"ListItem\",\"position\":2,\"name\":\"11 y 12 de mayo. Introducci\u00f3n al Arte del Coaching asistido con caballos para el enriquecimiento de la tarea profesional\"}]},{\"@type\":\"WebSite\",\"@id\":\"https:\/\/arrandeterra.es\/es\/#website\",\"url\":\"https:\/\/arrandeterra.es\/es\/\",\"name\":\"Arrandeterra,coaching amb cavalls Girona.\",\"description\":\"Coaching amb cavalls a Girona. Formaci\u00f3 i equinoter\u00e0pia amb cavalls.\",\"potentialAction\":[{\"@type\":\"SearchAction\",\"target\":{\"@type\":\"EntryPoint\",\"urlTemplate\":\"https:\/\/arrandeterra.es\/es\/?s={search_term_string}\"},\"query-input\":{\"@type\":\"PropertyValueSpecification\",\"valueRequired\":true,\"valueName\":\"search_term_string\"}}],\"inLanguage\":\"es\"},{\"@type\":\"Person\",\"@id\":\"https:\/\/arrandeterra.es\/es\/#\/schema\/person\/7e907015ec3c95038cb1521578831bd8\",\"name\":\"Joan Isern\",\"url\":\"https:\/\/arrandeterra.es\/es\/author\/joanisern\/\"}]}<\/script>\n<!-- \/ Yoast SEO plugin. -->","yoast_head_json":{"title":"11 y 12 de mayo. Introducci\u00f3n al Arte del Coaching asistido con caballos para el enriquecimiento de la tarea profesional - Arrandeterra,coaching amb cavalls Girona.","robots":{"index":"index","follow":"follow","max-snippet":"max-snippet:-1","max-image-preview":"max-image-preview:large","max-video-preview":"max-video-preview:-1"},"canonical":"https:\/\/arrandeterra.es\/es\/11-y-12-de-mayo-introduccion-al-arte-del-coaching-asistido-con-caballos-para-el-enriquecimiento-de-la-tarea-profesional\/","og_locale":"es_ES","og_type":"article","og_title":"11 y 12 de mayo. Introducci\u00f3n al Arte del Coaching asistido con caballos para el enriquecimiento de la tarea profesional - Arrandeterra,coaching amb cavalls Girona.","og_description":"Arrandeterra y Inteliem se cogen de la mano para ofreceros este complet\u00edsimo curso de 2 d\u00edas, dirigido a educadores, docentes, terapeutas, psic\u00f3logos, psicopedagogos, pedagogos, y profesionales de la salud y del bienestar. Este curso pretende proporcionar unas herramientas y estrategias que den valor a\u00f1adido a la labor profesional y al liderazgo personal. El aprendizaje vivencial [&hellip;]","og_url":"https:\/\/arrandeterra.es\/es\/11-y-12-de-mayo-introduccion-al-arte-del-coaching-asistido-con-caballos-para-el-enriquecimiento-de-la-tarea-profesional\/","og_site_name":"Arrandeterra,coaching amb cavalls Girona.","article_published_time":"2013-04-16T21:04:42+00:00","og_image":[{"url":"https:\/\/arrandeterra.es\/wp-content\/uploads\/romeu-i-gloria.min_1-300x213.jpg","type":"","width":"","height":""}],"author":"Joan Isern","twitter_misc":{"Escrito por":"Joan Isern","Tiempo de lectura":"2 minutos"},"schema":{"@context":"https:\/\/schema.org","@graph":[{"@type":"Article","@id":"https:\/\/arrandeterra.es\/es\/11-y-12-de-mayo-introduccion-al-arte-del-coaching-asistido-con-caballos-para-el-enriquecimiento-de-la-tarea-profesional\/#article","isPartOf":{"@id":"https:\/\/arrandeterra.es\/es\/11-y-12-de-mayo-introduccion-al-arte-del-coaching-asistido-con-caballos-para-el-enriquecimiento-de-la-tarea-profesional\/"},"author":{"name":"Joan Isern","@id":"https:\/\/arrandeterra.es\/es\/#\/schema\/person\/7e907015ec3c95038cb1521578831bd8"},"headline":"11 y 12 de mayo. Introducci\u00f3n al Arte del Coaching asistido con caballos para el enriquecimiento de la tarea profesional","datePublished":"2013-04-16T21:04:42+00:00","mainEntityOfPage":{"@id":"https:\/\/arrandeterra.es\/es\/11-y-12-de-mayo-introduccion-al-arte-del-coaching-asistido-con-caballos-para-el-enriquecimiento-de-la-tarea-profesional\/"},"wordCount":404,"commentCount":0,"image":{"@id":"https:\/\/arrandeterra.es\/es\/11-y-12-de-mayo-introduccion-al-arte-del-coaching-asistido-con-caballos-para-el-enriquecimiento-de-la-tarea-profesional\/#primaryimage"},"thumbnailUrl":"https:\/\/arrandeterra.es\/wp-content\/uploads\/romeu-i-gloria.min_1-300x213.jpg","articleSection":["Coaching con caballos","Formaci\u00f3n"],"inLanguage":"es","potentialAction":[{"@type":"CommentAction","name":"Comment","target":["https:\/\/arrandeterra.es\/es\/11-y-12-de-mayo-introduccion-al-arte-del-coaching-asistido-con-caballos-para-el-enriquecimiento-de-la-tarea-profesional\/#respond"]}]},{"@type":"WebPage","@id":"https:\/\/arrandeterra.es\/es\/11-y-12-de-mayo-introduccion-al-arte-del-coaching-asistido-con-caballos-para-el-enriquecimiento-de-la-tarea-profesional\/","url":"https:\/\/arrandeterra.es\/es\/11-y-12-de-mayo-introduccion-al-arte-del-coaching-asistido-con-caballos-para-el-enriquecimiento-de-la-tarea-profesional\/","name":"11 y 12 de mayo. Introducci\u00f3n al Arte del Coaching asistido con caballos para el enriquecimiento de la tarea profesional - Arrandeterra,coaching amb cavalls Girona.","isPartOf":{"@id":"https:\/\/arrandeterra.es\/es\/#website"},"primaryImageOfPage":{"@id":"https:\/\/arrandeterra.es\/es\/11-y-12-de-mayo-introduccion-al-arte-del-coaching-asistido-con-caballos-para-el-enriquecimiento-de-la-tarea-profesional\/#primaryimage"},"image":{"@id":"https:\/\/arrandeterra.es\/es\/11-y-12-de-mayo-introduccion-al-arte-del-coaching-asistido-con-caballos-para-el-enriquecimiento-de-la-tarea-profesional\/#primaryimage"},"thumbnailUrl":"https:\/\/arrandeterra.es\/wp-content\/uploads\/romeu-i-gloria.min_1-300x213.jpg","datePublished":"2013-04-16T21:04:42+00:00","author":{"@id":"https:\/\/arrandeterra.es\/es\/#\/schema\/person\/7e907015ec3c95038cb1521578831bd8"},"breadcrumb":{"@id":"https:\/\/arrandeterra.es\/es\/11-y-12-de-mayo-introduccion-al-arte-del-coaching-asistido-con-caballos-para-el-enriquecimiento-de-la-tarea-profesional\/#breadcrumb"},"inLanguage":"es","potentialAction":[{"@type":"ReadAction","target":["https:\/\/arrandeterra.es\/es\/11-y-12-de-mayo-introduccion-al-arte-del-coaching-asistido-con-caballos-para-el-enriquecimiento-de-la-tarea-profesional\/"]}]},{"@type":"ImageObject","inLanguage":"es","@id":"https:\/\/arrandeterra.es\/es\/11-y-12-de-mayo-introduccion-al-arte-del-coaching-asistido-con-caballos-para-el-enriquecimiento-de-la-tarea-profesional\/#primaryimage","url":"https:\/\/arrandeterra.es\/wp-content\/uploads\/romeu-i-gloria.min_1-300x213.jpg","contentUrl":"https:\/\/arrandeterra.es\/wp-content\/uploads\/romeu-i-gloria.min_1-300x213.jpg"},{"@type":"BreadcrumbList","@id":"https:\/\/arrandeterra.es\/es\/11-y-12-de-mayo-introduccion-al-arte-del-coaching-asistido-con-caballos-para-el-enriquecimiento-de-la-tarea-profesional\/#breadcrumb","itemListElement":[{"@type":"ListItem","position":1,"name":"Inici","item":"https:\/\/arrandeterra.es\/es\/"},{"@type":"ListItem","position":2,"name":"11 y 12 de mayo. Introducci\u00f3n al Arte del Coaching asistido con caballos para el enriquecimiento de la tarea profesional"}]},{"@type":"WebSite","@id":"https:\/\/arrandeterra.es\/es\/#website","url":"https:\/\/arrandeterra.es\/es\/","name":"Arrandeterra,coaching amb cavalls Girona.","description":"Coaching amb cavalls a Girona. Formaci\u00f3 i equinoter\u00e0pia amb cavalls.","potentialAction":[{"@type":"SearchAction","target":{"@type":"EntryPoint","urlTemplate":"https:\/\/arrandeterra.es\/es\/?s={search_term_string}"},"query-input":{"@type":"PropertyValueSpecification","valueRequired":true,"valueName":"search_term_string"}}],"inLanguage":"es"},{"@type":"Person","@id":"https:\/\/arrandeterra.es\/es\/#\/schema\/person\/7e907015ec3c95038cb1521578831bd8","name":"Joan Isern","url":"https:\/\/arrandeterra.es\/es\/author\/joanisern\/"}]}},"_links":{"self":[{"href":"https:\/\/arrandeterra.es\/es\/wp-json\/wp\/v2\/posts\/1067","targetHints":{"allow":["GET"]}}],"collection":[{"href":"https:\/\/arrandeterra.es\/es\/wp-json\/wp\/v2\/posts"}],"about":[{"href":"https:\/\/arrandeterra.es\/es\/wp-json\/wp\/v2\/types\/post"}],"author":[{"embeddable":true,"href":"https:\/\/arrandeterra.es\/es\/wp-json\/wp\/v2\/users\/2"}],"replies":[{"embeddable":true,"href":"https:\/\/arrandeterra.es\/es\/wp-json\/wp\/v2\/comments?post=1067"}],"version-history":[{"count":0,"href":"https:\/\/arrandeterra.es\/es\/wp-json\/wp\/v2\/posts\/1067\/revisions"}],"wp:attachment":[{"href":"https:\/\/arrandeterra.es\/es\/wp-json\/wp\/v2\/media?parent=1067"}],"wp:term":[{"taxonomy":"category","embeddable":true,"href":"https:\/\/arrandeterra.es\/es\/wp-json\/wp\/v2\/categories?post=1067"},{"taxonomy":"post_tag","embeddable":true,"href":"https:\/\/arrandeterra.es\/es\/wp-json\/wp\/v2\/tags?post=1067"}],"curies":[{"name":"wp","href":"https:\/\/api.w.org\/{rel}","templated":true}]}}