{"id":1077,"date":"2013-04-18T19:29:53","date_gmt":"2013-04-18T18:29:53","guid":{"rendered":"https:\/\/arrandeterra.es\/?p=1077"},"modified":"2013-12-24T19:33:02","modified_gmt":"2013-12-24T18:33:02","slug":"casal-de-verano-motor-animales-y-naturaleza","status":"publish","type":"post","link":"https:\/\/arrandeterra.es\/es\/casal-de-verano-motor-animales-y-naturaleza\/","title":{"rendered":"CASAL DE VERANO: MOTOR, ANIMALES Y NATURALEZA EN GIRONA."},"content":{"rendered":"<p><a href=\"https:\/\/arrandeterra.es\/wp-content\/uploads\/16_fotoa_10691.jpg\"><img loading=\"lazy\" decoding=\"async\" class=\"aligncenter size-medium wp-image-1079\" title=\"16_fotoa_1069\" alt=\"\" src=\"https:\/\/arrandeterra.es\/wp-content\/uploads\/16_fotoa_10691-300x225.jpg\" width=\"300\" height=\"225\" srcset=\"https:\/\/arrandeterra.es\/wp-content\/uploads\/16_fotoa_10691-300x225.jpg 300w, https:\/\/arrandeterra.es\/wp-content\/uploads\/16_fotoa_10691.jpg 640w\" sizes=\"(max-width: 300px) 100vw, 300px\" \/><\/a><a href=\"https:\/\/arrandeterra.es\/wp-content\/uploads\/16_fotoa_16901.jpg\"><img loading=\"lazy\" decoding=\"async\" class=\"aligncenter size-medium wp-image-1080\" title=\"16_fotoa_1690\" alt=\"\" src=\"https:\/\/arrandeterra.es\/wp-content\/uploads\/16_fotoa_16901-300x228.jpg\" width=\"300\" height=\"228\" srcset=\"https:\/\/arrandeterra.es\/wp-content\/uploads\/16_fotoa_16901-300x228.jpg 300w, https:\/\/arrandeterra.es\/wp-content\/uploads\/16_fotoa_16901.jpg 640w\" sizes=\"(max-width: 300px) 100vw, 300px\" \/><\/a><\/p>\n<p><strong>\u00a0MOTOR &#8211; ANIMALES Y NATURALEZA<\/strong><\/p>\n<p><strong>\u00a0\u00a0\u00a0\u00a0\u00a0\u00a0\u00a0\u00a0\u00a0\u00a0\u00a0\u00a0\u00a0\u00a0\u00a0\u00a0\u00a0\u00a0\u00a0\u00a0\u00a0\u00a0\u00a0\u00a0\u00a0\u00a0\u00a0\u00a0\u00a0\u00a0\u00a0\u00a0\u00a0\u00a0\u00a0\u00a0\u00a0\u00a0\u00a0\u00a0\u00a0\u00a0\u00a0\u00a0\u00a0\u00a0\u00a0ENDURO, MOTOCROSS y TRIAL<\/strong><br \/>\n<strong>\u00a0\u00a0\u00a0\u00a0\u00a0\u00a0\u00a0\u00a0\u00a0\u00a0\u00a0\u00a0\u00a0\u00a0\u00a0\u00a0\u00a0\u00a0\u00a0\u00a0\u00a0\u00a0\u00a0\u00a0\u00a0\u00a0\u00a0\u00a0\u00a0\u00a0\u00a0\u00a0\u00a0\u00a0\u00a0\u00a0\u00a0\u00a0\u00a0\u00a0\u00a0\u00a0\u00a0\u00a0\u00a0\u00a0\u00a0\u00a0\u00a0\u00a0MUNDO ANIMAL Y VIDA RURAL<\/strong><\/p>\n<p>El equipo de <strong>Peu a Baix y Arrandeterra,<\/strong> ofrecen durante las vacaciones<br \/>\nde VERANO, Casal con tem\u00e1tica del deporte del motor, y actividades<br \/>\nde aprendizaje del mundo animal y la vida rural, en las instalaciones de<br \/>\nCa&#8217;l Cucut de Vilob\u00ed d&#8217;Onyar.<\/p>\n<p>Los cursos est\u00e1n destinados a ni\u00f1os y ni\u00f1as, a partir de 4 a\u00f1os, amantes<br \/>\ndel deporte del motor, la naturaleza y los animales.<\/p>\n<p><a href=\"https:\/\/arrandeterra.es\/wp-content\/uploads\/16_fotoa_1691.jpg\"><img loading=\"lazy\" decoding=\"async\" class=\"aligncenter size-medium wp-image-1081\" title=\"16_fotoa_1691\" alt=\"\" src=\"https:\/\/arrandeterra.es\/wp-content\/uploads\/16_fotoa_1691-300x225.jpg\" width=\"300\" height=\"225\" srcset=\"https:\/\/arrandeterra.es\/wp-content\/uploads\/16_fotoa_1691-300x225.jpg 300w, https:\/\/arrandeterra.es\/wp-content\/uploads\/16_fotoa_1691.jpg 640w\" sizes=\"(max-width: 300px) 100vw, 300px\" \/><\/a><a href=\"https:\/\/arrandeterra.es\/wp-content\/uploads\/16_fotoa_16841.jpg\"><img loading=\"lazy\" decoding=\"async\" class=\"aligncenter size-medium wp-image-1082\" title=\"16_fotoa_1684\" alt=\"\" src=\"https:\/\/arrandeterra.es\/wp-content\/uploads\/16_fotoa_16841-300x227.jpg\" width=\"300\" height=\"227\" srcset=\"https:\/\/arrandeterra.es\/wp-content\/uploads\/16_fotoa_16841-300x227.jpg 300w, https:\/\/arrandeterra.es\/wp-content\/uploads\/16_fotoa_16841.jpg 640w\" sizes=\"(max-width: 300px) 100vw, 300px\" \/><\/a><\/p>\n<p>Ofrecemos la organizaci\u00f3n de un completisimo programa de actividades, durante<br \/>\nlas semanas de verano, donde los ni\u00f1os y ni\u00f1as, podr\u00e1n aprender a tratar<br \/>\ny cuidar diferentes animales, conocer su etolog\u00eda y alcanzar<br \/>\nconocimientos y habilidades de la vida en el campo.<br \/>\nManualidades y actividades para potenciar la creatividad de los ni\u00f1os\/as,<br \/>\nexcursiones al bosque, monta y actividades a pie a tierra de conocimiento y<br \/>\nmanejo de los caballos y los animales de <strong>Arrandeterra.<\/strong><\/p>\n<p>Todo ello combinado con un curso intensivo de t\u00e9cnicas de pilotaje en<br \/>\nlas modalidades de<strong> ENDURO, MOTOCROSS, QUADS Y TRIAL<\/strong> as\u00ed como otros<br \/>\ndeportes como F\u00fatbol, \u200b\u200bBicicleta, Juegos Infantiles, etc. y deberes o estudio.<\/p>\n<p><strong>D\u00edas:<\/strong><\/p>\n<p><strong>&#8211; Del 22 al 26 Julio 2013<\/strong><br \/>\n<strong>&#8211; Del 29 de julio al 2 de Agosto<\/strong><br \/>\n<strong>&#8211; Opci\u00f3n: d\u00edas a convenir<\/strong><\/p>\n<p>Area Offroad Vilob\u00ed d&#8217;Onyar &#8211; Ca&#8217;l Cucut<br \/>\nDisponemos de un campo de pr\u00e1cticas y diferentes circuitos dise\u00f1ados para<br \/>\nformarse en las especialidades de enduro, motocross, trial y quads.<br \/>\nLos Cursos se destinar\u00e1n a la pr\u00e1ctica, y perfeccionamiento de<br \/>\npilotaje en todos los niveles, as\u00ed como aspectos t\u00e9cnicos y educativos<br \/>\ncomo la circulaci\u00f3n vial, seguridad y respeto con el Medio Ambiente.<\/p>\n<p><strong>Cada alumno deber\u00e1 llevar el siguiente:<\/strong><br \/>\nEquipamiento moto-quad: Botas, casco, protecciones, gafas, guantes &#8230;<br \/>\nGasolina<br \/>\nMoto-Quad (en buen estado)<br \/>\nBicicleta<br \/>\n<strong>Precios:<\/strong><\/p>\n<p><strong><\/strong><br \/>\n&#8211; 450 euros de Lunes a Viernes (Incluye: Dietas, Alojamiento,<br \/>\nCursillo, Gasolina, actividades)<br \/>\n&#8211; 350 euros de Lunes a Viernes de 9,30 h a 20:30 h (incluye: dietas,<br \/>\ncursillo, actividades)<br \/>\n&#8211; 300 euros de Lunes a Viernes de 9&#8217;30 a 14h (Cursillo pilotaje)<br \/>\n&#8211; 60 euros \/ d\u00eda de 9,00 h a 13h (Cursillo Pilotaje)<br \/>\n&#8211; 80 euros \/ d\u00eda de 9&#8217;00h a 20&#8217;30h (Cursillo Pilotaje + Dietas + Actividades)<\/p>\n<p><strong>Horario previsto:<\/strong><\/p>\n<p>08&#8217;00h &#8211; 09&#8217;00h Start<br \/>\n09&#8217;00h &#8211; 09&#8217;30h Desayuno<br \/>\n09&#8217;30h &#8211; 10&#8217;00h Equipamiento &#8211; Gasolina<br \/>\n10&#8217;00h &#8211; 13&#8217;30h Curso te\u00f3rico &#8211; pr\u00e1ctico<br \/>\n13&#8217;30h &#8211; 14&#8217;00h Ducha<br \/>\n14&#8217;00h &#8211; 15&#8217;30h COMIDA &#8211; descanso<br \/>\n15&#8217;30h &#8211; 20&#8217;00h Actividades con animales &#8211; Juegos &#8211; Deportes &#8211; Entrenamiento<br \/>\nMoto (seg\u00fan d\u00eda)<br \/>\n20&#8217;30h &#8211; 21&#8217;00h Ducha<br \/>\n21&#8217;30h &#8211; 23&#8217;00h Cena &#8211; Tertulia &#8211; Juegos<br \/>\n23&#8217;00h Off<\/p>\n<p><strong>Posibilidad de alquiler de MOTO y equipamientos. Precio a consultar.<\/strong><\/p>\n<p><strong>M\u00e1s informaci\u00f3n:<\/strong><\/p>\n<p>Joan: 630983780<\/p>\n<p>Maria: 669253487<\/p>\n","protected":false},"excerpt":{"rendered":"<p>\u00a0MOTOR &#8211; ANIMALES Y NATURALEZA \u00a0\u00a0\u00a0\u00a0\u00a0\u00a0\u00a0\u00a0\u00a0\u00a0\u00a0\u00a0\u00a0\u00a0\u00a0\u00a0\u00a0\u00a0\u00a0\u00a0\u00a0\u00a0\u00a0\u00a0\u00a0\u00a0\u00a0\u00a0\u00a0\u00a0\u00a0\u00a0\u00a0\u00a0\u00a0\u00a0\u00a0\u00a0\u00a0\u00a0\u00a0\u00a0\u00a0\u00a0\u00a0\u00a0\u00a0ENDURO, MOTOCROSS y TRIAL \u00a0\u00a0\u00a0\u00a0\u00a0\u00a0\u00a0\u00a0\u00a0\u00a0\u00a0\u00a0\u00a0\u00a0\u00a0\u00a0\u00a0\u00a0\u00a0\u00a0\u00a0\u00a0\u00a0\u00a0\u00a0\u00a0\u00a0\u00a0\u00a0\u00a0\u00a0\u00a0\u00a0\u00a0\u00a0\u00a0\u00a0\u00a0\u00a0\u00a0\u00a0\u00a0\u00a0\u00a0\u00a0\u00a0\u00a0\u00a0\u00a0\u00a0MUNDO ANIMAL Y VIDA RURAL El equipo de Peu a Baix y Arrandeterra, ofrecen durante las vacaciones de VERANO, Casal con tem\u00e1tica del deporte del motor, y actividades de aprendizaje del mundo animal y la vida rural, en las instalaciones de Ca&#8217;l Cucut de Vilob\u00ed d&#8217;Onyar. [&hellip;]<\/p>\n","protected":false},"author":2,"featured_media":0,"comment_status":"open","ping_status":"closed","sticky":false,"template":"","format":"standard","meta":{"_et_pb_use_builder":"","_et_pb_old_content":"","_et_gb_content_width":"","footnotes":""},"categories":[50,49,25],"tags":[89,151,149,152,146,148,147,150,153],"class_list":["post-1077","post","type-post","status-publish","format-standard","hentry","category-casal","category-colonies","category-formacion-2","tag-actividades-casal-girona","tag-actividades-motor-girona","tag-alojamiento-girona","tag-animales-girona","tag-casal-de-verano","tag-gerona","tag-girona","tag-motor-girona","tag-naturaleza-girona"],"yoast_head":"<!-- This site is optimized with the Yoast SEO plugin v27.2 - https:\/\/yoast.com\/product\/yoast-seo-wordpress\/ -->\n<title>CASAL DE VERANO: MOTOR, ANIMALES Y NATURALEZA EN GIRONA.<\/title>\n<meta name=\"description\" content=\"MOTOR - ANIMALES Y NATURALEZA,ENDURO, MOTOCROSS EN EL MUNDO ANIMAL Y VIDA RURAL EN LA PROVINCIA DE GIRONA.\" \/>\n<meta name=\"robots\" content=\"index, follow, max-snippet:-1, max-image-preview:large, max-video-preview:-1\" \/>\n<link rel=\"canonical\" href=\"https:\/\/arrandeterra.es\/es\/casal-de-verano-motor-animales-y-naturaleza\/\" \/>\n<meta property=\"og:locale\" content=\"es_ES\" \/>\n<meta property=\"og:type\" content=\"article\" \/>\n<meta property=\"og:title\" content=\"CASAL DE VERANO: MOTOR, ANIMALES Y NATURALEZA EN GIRONA.\" \/>\n<meta property=\"og:description\" content=\"MOTOR - ANIMALES Y NATURALEZA,ENDURO, MOTOCROSS EN EL MUNDO ANIMAL Y VIDA RURAL EN LA PROVINCIA DE GIRONA.\" \/>\n<meta property=\"og:url\" content=\"https:\/\/arrandeterra.es\/es\/casal-de-verano-motor-animales-y-naturaleza\/\" \/>\n<meta property=\"og:site_name\" content=\"Arrandeterra,coaching amb cavalls Girona.\" \/>\n<meta property=\"article:published_time\" content=\"2013-04-18T18:29:53+00:00\" \/>\n<meta property=\"article:modified_time\" content=\"2013-12-24T18:33:02+00:00\" \/>\n<meta property=\"og:image\" content=\"https:\/\/arrandeterra.es\/wp-content\/uploads\/16_fotoa_10691-300x225.jpg\" \/>\n<meta name=\"author\" content=\"Joan Isern\" \/>\n<meta name=\"twitter:label1\" content=\"Escrito por\" \/>\n\t<meta name=\"twitter:data1\" content=\"Joan Isern\" \/>\n\t<meta name=\"twitter:label2\" content=\"Tiempo de lectura\" \/>\n\t<meta name=\"twitter:data2\" content=\"2 minutos\" \/>\n<script type=\"application\/ld+json\" class=\"yoast-schema-graph\">{\"@context\":\"https:\/\/schema.org\",\"@graph\":[{\"@type\":\"Article\",\"@id\":\"https:\/\/arrandeterra.es\/es\/casal-de-verano-motor-animales-y-naturaleza\/#article\",\"isPartOf\":{\"@id\":\"https:\/\/arrandeterra.es\/es\/casal-de-verano-motor-animales-y-naturaleza\/\"},\"author\":{\"name\":\"Joan Isern\",\"@id\":\"https:\/\/arrandeterra.es\/es\/#\/schema\/person\/7e907015ec3c95038cb1521578831bd8\"},\"headline\":\"CASAL DE VERANO: MOTOR, ANIMALES Y NATURALEZA EN GIRONA.\",\"datePublished\":\"2013-04-18T18:29:53+00:00\",\"dateModified\":\"2013-12-24T18:33:02+00:00\",\"mainEntityOfPage\":{\"@id\":\"https:\/\/arrandeterra.es\/es\/casal-de-verano-motor-animales-y-naturaleza\/\"},\"wordCount\":458,\"commentCount\":0,\"image\":{\"@id\":\"https:\/\/arrandeterra.es\/es\/casal-de-verano-motor-animales-y-naturaleza\/#primaryimage\"},\"thumbnailUrl\":\"https:\/\/arrandeterra.es\/wp-content\/uploads\/16_fotoa_10691-300x225.jpg\",\"keywords\":[\"actividades casal girona\",\"actividades motor girona\",\"alojamiento girona\",\"animales girona\",\"casal de verano\",\"gerona\",\"girona\",\"motor girona\",\"naturaleza girona\"],\"articleSection\":[\"casal\",\"col\u00f2nies\",\"Formaci\u00f3n\"],\"inLanguage\":\"es\",\"potentialAction\":[{\"@type\":\"CommentAction\",\"name\":\"Comment\",\"target\":[\"https:\/\/arrandeterra.es\/es\/casal-de-verano-motor-animales-y-naturaleza\/#respond\"]}]},{\"@type\":\"WebPage\",\"@id\":\"https:\/\/arrandeterra.es\/es\/casal-de-verano-motor-animales-y-naturaleza\/\",\"url\":\"https:\/\/arrandeterra.es\/es\/casal-de-verano-motor-animales-y-naturaleza\/\",\"name\":\"CASAL DE VERANO: MOTOR, ANIMALES Y NATURALEZA EN GIRONA.\",\"isPartOf\":{\"@id\":\"https:\/\/arrandeterra.es\/es\/#website\"},\"primaryImageOfPage\":{\"@id\":\"https:\/\/arrandeterra.es\/es\/casal-de-verano-motor-animales-y-naturaleza\/#primaryimage\"},\"image\":{\"@id\":\"https:\/\/arrandeterra.es\/es\/casal-de-verano-motor-animales-y-naturaleza\/#primaryimage\"},\"thumbnailUrl\":\"https:\/\/arrandeterra.es\/wp-content\/uploads\/16_fotoa_10691-300x225.jpg\",\"datePublished\":\"2013-04-18T18:29:53+00:00\",\"dateModified\":\"2013-12-24T18:33:02+00:00\",\"author\":{\"@id\":\"https:\/\/arrandeterra.es\/es\/#\/schema\/person\/7e907015ec3c95038cb1521578831bd8\"},\"description\":\"MOTOR - ANIMALES Y NATURALEZA,ENDURO, MOTOCROSS EN EL MUNDO ANIMAL Y VIDA RURAL EN LA PROVINCIA DE GIRONA.\",\"breadcrumb\":{\"@id\":\"https:\/\/arrandeterra.es\/es\/casal-de-verano-motor-animales-y-naturaleza\/#breadcrumb\"},\"inLanguage\":\"es\",\"potentialAction\":[{\"@type\":\"ReadAction\",\"target\":[\"https:\/\/arrandeterra.es\/es\/casal-de-verano-motor-animales-y-naturaleza\/\"]}]},{\"@type\":\"ImageObject\",\"inLanguage\":\"es\",\"@id\":\"https:\/\/arrandeterra.es\/es\/casal-de-verano-motor-animales-y-naturaleza\/#primaryimage\",\"url\":\"https:\/\/arrandeterra.es\/wp-content\/uploads\/16_fotoa_10691-300x225.jpg\",\"contentUrl\":\"https:\/\/arrandeterra.es\/wp-content\/uploads\/16_fotoa_10691-300x225.jpg\"},{\"@type\":\"BreadcrumbList\",\"@id\":\"https:\/\/arrandeterra.es\/es\/casal-de-verano-motor-animales-y-naturaleza\/#breadcrumb\",\"itemListElement\":[{\"@type\":\"ListItem\",\"position\":1,\"name\":\"Inici\",\"item\":\"https:\/\/arrandeterra.es\/es\/\"},{\"@type\":\"ListItem\",\"position\":2,\"name\":\"CASAL DE VERANO: MOTOR, ANIMALES Y NATURALEZA EN GIRONA.\"}]},{\"@type\":\"WebSite\",\"@id\":\"https:\/\/arrandeterra.es\/es\/#website\",\"url\":\"https:\/\/arrandeterra.es\/es\/\",\"name\":\"Arrandeterra,coaching amb cavalls Girona.\",\"description\":\"Coaching amb cavalls a Girona. Formaci\u00f3 i equinoter\u00e0pia amb cavalls.\",\"potentialAction\":[{\"@type\":\"SearchAction\",\"target\":{\"@type\":\"EntryPoint\",\"urlTemplate\":\"https:\/\/arrandeterra.es\/es\/?s={search_term_string}\"},\"query-input\":{\"@type\":\"PropertyValueSpecification\",\"valueRequired\":true,\"valueName\":\"search_term_string\"}}],\"inLanguage\":\"es\"},{\"@type\":\"Person\",\"@id\":\"https:\/\/arrandeterra.es\/es\/#\/schema\/person\/7e907015ec3c95038cb1521578831bd8\",\"name\":\"Joan Isern\",\"url\":\"https:\/\/arrandeterra.es\/es\/author\/joanisern\/\"}]}<\/script>\n<!-- \/ Yoast SEO plugin. -->","yoast_head_json":{"title":"CASAL DE VERANO: MOTOR, ANIMALES Y NATURALEZA EN GIRONA.","description":"MOTOR - ANIMALES Y NATURALEZA,ENDURO, MOTOCROSS EN EL MUNDO ANIMAL Y VIDA RURAL EN LA PROVINCIA DE GIRONA.","robots":{"index":"index","follow":"follow","max-snippet":"max-snippet:-1","max-image-preview":"max-image-preview:large","max-video-preview":"max-video-preview:-1"},"canonical":"https:\/\/arrandeterra.es\/es\/casal-de-verano-motor-animales-y-naturaleza\/","og_locale":"es_ES","og_type":"article","og_title":"CASAL DE VERANO: MOTOR, ANIMALES Y NATURALEZA EN GIRONA.","og_description":"MOTOR - ANIMALES Y NATURALEZA,ENDURO, MOTOCROSS EN EL MUNDO ANIMAL Y VIDA RURAL EN LA PROVINCIA DE GIRONA.","og_url":"https:\/\/arrandeterra.es\/es\/casal-de-verano-motor-animales-y-naturaleza\/","og_site_name":"Arrandeterra,coaching amb cavalls Girona.","article_published_time":"2013-04-18T18:29:53+00:00","article_modified_time":"2013-12-24T18:33:02+00:00","og_image":[{"url":"https:\/\/arrandeterra.es\/wp-content\/uploads\/16_fotoa_10691-300x225.jpg","type":"","width":"","height":""}],"author":"Joan Isern","twitter_misc":{"Escrito por":"Joan Isern","Tiempo de lectura":"2 minutos"},"schema":{"@context":"https:\/\/schema.org","@graph":[{"@type":"Article","@id":"https:\/\/arrandeterra.es\/es\/casal-de-verano-motor-animales-y-naturaleza\/#article","isPartOf":{"@id":"https:\/\/arrandeterra.es\/es\/casal-de-verano-motor-animales-y-naturaleza\/"},"author":{"name":"Joan Isern","@id":"https:\/\/arrandeterra.es\/es\/#\/schema\/person\/7e907015ec3c95038cb1521578831bd8"},"headline":"CASAL DE VERANO: MOTOR, ANIMALES Y NATURALEZA EN GIRONA.","datePublished":"2013-04-18T18:29:53+00:00","dateModified":"2013-12-24T18:33:02+00:00","mainEntityOfPage":{"@id":"https:\/\/arrandeterra.es\/es\/casal-de-verano-motor-animales-y-naturaleza\/"},"wordCount":458,"commentCount":0,"image":{"@id":"https:\/\/arrandeterra.es\/es\/casal-de-verano-motor-animales-y-naturaleza\/#primaryimage"},"thumbnailUrl":"https:\/\/arrandeterra.es\/wp-content\/uploads\/16_fotoa_10691-300x225.jpg","keywords":["actividades casal girona","actividades motor girona","alojamiento girona","animales girona","casal de verano","gerona","girona","motor girona","naturaleza girona"],"articleSection":["casal","col\u00f2nies","Formaci\u00f3n"],"inLanguage":"es","potentialAction":[{"@type":"CommentAction","name":"Comment","target":["https:\/\/arrandeterra.es\/es\/casal-de-verano-motor-animales-y-naturaleza\/#respond"]}]},{"@type":"WebPage","@id":"https:\/\/arrandeterra.es\/es\/casal-de-verano-motor-animales-y-naturaleza\/","url":"https:\/\/arrandeterra.es\/es\/casal-de-verano-motor-animales-y-naturaleza\/","name":"CASAL DE VERANO: MOTOR, ANIMALES Y NATURALEZA EN GIRONA.","isPartOf":{"@id":"https:\/\/arrandeterra.es\/es\/#website"},"primaryImageOfPage":{"@id":"https:\/\/arrandeterra.es\/es\/casal-de-verano-motor-animales-y-naturaleza\/#primaryimage"},"image":{"@id":"https:\/\/arrandeterra.es\/es\/casal-de-verano-motor-animales-y-naturaleza\/#primaryimage"},"thumbnailUrl":"https:\/\/arrandeterra.es\/wp-content\/uploads\/16_fotoa_10691-300x225.jpg","datePublished":"2013-04-18T18:29:53+00:00","dateModified":"2013-12-24T18:33:02+00:00","author":{"@id":"https:\/\/arrandeterra.es\/es\/#\/schema\/person\/7e907015ec3c95038cb1521578831bd8"},"description":"MOTOR - ANIMALES Y NATURALEZA,ENDURO, MOTOCROSS EN EL MUNDO ANIMAL Y VIDA RURAL EN LA PROVINCIA DE GIRONA.","breadcrumb":{"@id":"https:\/\/arrandeterra.es\/es\/casal-de-verano-motor-animales-y-naturaleza\/#breadcrumb"},"inLanguage":"es","potentialAction":[{"@type":"ReadAction","target":["https:\/\/arrandeterra.es\/es\/casal-de-verano-motor-animales-y-naturaleza\/"]}]},{"@type":"ImageObject","inLanguage":"es","@id":"https:\/\/arrandeterra.es\/es\/casal-de-verano-motor-animales-y-naturaleza\/#primaryimage","url":"https:\/\/arrandeterra.es\/wp-content\/uploads\/16_fotoa_10691-300x225.jpg","contentUrl":"https:\/\/arrandeterra.es\/wp-content\/uploads\/16_fotoa_10691-300x225.jpg"},{"@type":"BreadcrumbList","@id":"https:\/\/arrandeterra.es\/es\/casal-de-verano-motor-animales-y-naturaleza\/#breadcrumb","itemListElement":[{"@type":"ListItem","position":1,"name":"Inici","item":"https:\/\/arrandeterra.es\/es\/"},{"@type":"ListItem","position":2,"name":"CASAL DE VERANO: MOTOR, ANIMALES Y NATURALEZA EN GIRONA."}]},{"@type":"WebSite","@id":"https:\/\/arrandeterra.es\/es\/#website","url":"https:\/\/arrandeterra.es\/es\/","name":"Arrandeterra,coaching amb cavalls Girona.","description":"Coaching amb cavalls a Girona. Formaci\u00f3 i equinoter\u00e0pia amb cavalls.","potentialAction":[{"@type":"SearchAction","target":{"@type":"EntryPoint","urlTemplate":"https:\/\/arrandeterra.es\/es\/?s={search_term_string}"},"query-input":{"@type":"PropertyValueSpecification","valueRequired":true,"valueName":"search_term_string"}}],"inLanguage":"es"},{"@type":"Person","@id":"https:\/\/arrandeterra.es\/es\/#\/schema\/person\/7e907015ec3c95038cb1521578831bd8","name":"Joan Isern","url":"https:\/\/arrandeterra.es\/es\/author\/joanisern\/"}]}},"_links":{"self":[{"href":"https:\/\/arrandeterra.es\/es\/wp-json\/wp\/v2\/posts\/1077","targetHints":{"allow":["GET"]}}],"collection":[{"href":"https:\/\/arrandeterra.es\/es\/wp-json\/wp\/v2\/posts"}],"about":[{"href":"https:\/\/arrandeterra.es\/es\/wp-json\/wp\/v2\/types\/post"}],"author":[{"embeddable":true,"href":"https:\/\/arrandeterra.es\/es\/wp-json\/wp\/v2\/users\/2"}],"replies":[{"embeddable":true,"href":"https:\/\/arrandeterra.es\/es\/wp-json\/wp\/v2\/comments?post=1077"}],"version-history":[{"count":0,"href":"https:\/\/arrandeterra.es\/es\/wp-json\/wp\/v2\/posts\/1077\/revisions"}],"wp:attachment":[{"href":"https:\/\/arrandeterra.es\/es\/wp-json\/wp\/v2\/media?parent=1077"}],"wp:term":[{"taxonomy":"category","embeddable":true,"href":"https:\/\/arrandeterra.es\/es\/wp-json\/wp\/v2\/categories?post=1077"},{"taxonomy":"post_tag","embeddable":true,"href":"https:\/\/arrandeterra.es\/es\/wp-json\/wp\/v2\/tags?post=1077"}],"curies":[{"name":"wp","href":"https:\/\/api.w.org\/{rel}","templated":true}]}}