{"id":479,"date":"2011-02-24T20:13:05","date_gmt":"2011-02-24T19:13:05","guid":{"rendered":"https:\/\/arrandeterra.es\/?p=479"},"modified":"2011-02-25T11:06:03","modified_gmt":"2011-02-25T10:06:03","slug":"taller-de-coaching-con-caballos-para-enfermos-oncologicos","status":"publish","type":"post","link":"https:\/\/arrandeterra.es\/es\/taller-de-coaching-con-caballos-para-enfermos-oncologicos\/","title":{"rendered":"Taller de coaching con caballos para enfermos oncol\u00f3gicos"},"content":{"rendered":"<p style=\"text-align: justify;\"><a href=\"https:\/\/arrandeterra.es\/wp-content\/uploads\/coaching-oncologic-taller-malalts-curs-cavalls-aprenentatge.jpg\"><img loading=\"lazy\" decoding=\"async\" class=\"alignright size-medium wp-image-476\" title=\"coaching-oncologic-taller-malalts-curs-cavalls-aprenentatge\" src=\"https:\/\/arrandeterra.es\/wp-content\/uploads\/coaching-oncologic-taller-malalts-curs-cavalls-aprenentatge-300x225.jpg\" alt=\"\" width=\"300\" height=\"225\" srcset=\"https:\/\/arrandeterra.es\/wp-content\/uploads\/coaching-oncologic-taller-malalts-curs-cavalls-aprenentatge-300x225.jpg 300w, https:\/\/arrandeterra.es\/wp-content\/uploads\/coaching-oncologic-taller-malalts-curs-cavalls-aprenentatge-1024x768.jpg 1024w, https:\/\/arrandeterra.es\/wp-content\/uploads\/coaching-oncologic-taller-malalts-curs-cavalls-aprenentatge.jpg 1277w\" sizes=\"(max-width: 300px) 100vw, 300px\" \/><\/a>El pasado martes d\u00eda 8 de febrero, <strong>Arrandeterra<\/strong> y la Asociaci\u00f3n de Catalunya contra el c\u00e1ncer (aecc), organizaron un taller de coaching asistido con caballos, para personas que han tenido una enfermedad oncol\u00f3gica.<\/p>\n<p>Dise\u00f1\u00e9 ejercicios en grupo, para realizar con los caballos, con el fin de extraer un aprendizaje y crecimiento personal de cada uno de los asistentes.<\/p>\n<p style=\"text-align: justify;\">Trabajamos la actitud personal de los asistentes frente a la enfermedad, la capacidad de superaci\u00f3n de obst\u00e1culos, la b\u00fasqueda de recursos, y el autoconocimiento.<\/p>\n<p style=\"text-align: justify;\">Los peri\u00f3dicos catalanes, \u201cel Punt\u201d y el \u201cAvui \u201d, dedican un art\u00edculo al taller de coaching con caballos para enfermos oncol\u00f3gicos, en el apartado de Salud.<\/p>\n<p style=\"text-align: justify;\">Si quieren leer estos art\u00edculos, pueden direccionarse al siguiente link,<br \/>\n<a href=\"http:\/\/www.elpunt.cat\/noticia\/article\/2-societat\/14-salut\/366429-taller-amb-cavalls-per-a-malalts-oncologics.html?cks_mnu_id=374\" target=\"_blank\">Coaching con caballos para enfermos oncol\u00f3gicos<\/a><\/p>\n<p style=\"text-align: justify;\"><a href=\"http:\/\/www.elpunt.cat\/noticia\/article\/2-societat\/14-salut\/366429-taller-amb-cavalls-per-a-malalts-oncologics.html?cks_mnu_id=374\"><br \/>\n<\/a><\/p>\n","protected":false},"excerpt":{"rendered":"<p>El pasado martes d\u00eda 8 de febrero, Arrandeterra y la Asociaci\u00f3n de Catalunya contra el c\u00e1ncer (aecc), organizaron un taller de coaching asistido con caballos, para personas que han tenido una enfermedad oncol\u00f3gica. Dise\u00f1\u00e9 ejercicios en grupo, para realizar con los caballos, con el fin de extraer un aprendizaje y crecimiento personal de cada uno [&hellip;]<\/p>\n","protected":false},"author":2,"featured_media":0,"comment_status":"open","ping_status":"closed","sticky":false,"template":"","format":"standard","meta":{"_et_pb_use_builder":"","_et_pb_old_content":"","_et_gb_content_width":"","footnotes":""},"categories":[17],"tags":[16,18,13,15,174],"class_list":["post-479","post","type-post","status-publish","format-standard","hentry","category-coaching-con-caballos","tag-arrandeterra","tag-caballos","tag-coaching","tag-oncologia","tag-taller"],"yoast_head":"<!-- This site is optimized with the Yoast SEO plugin v27.2 - https:\/\/yoast.com\/product\/yoast-seo-wordpress\/ -->\n<title>Taller de coaching con caballos para enfermos oncol\u00f3gicos  - Arrandeterra,coaching amb cavalls Girona.<\/title>\n<meta name=\"robots\" content=\"index, follow, max-snippet:-1, max-image-preview:large, max-video-preview:-1\" \/>\n<link rel=\"canonical\" href=\"https:\/\/arrandeterra.es\/es\/taller-de-coaching-con-caballos-para-enfermos-oncologicos\/\" \/>\n<meta property=\"og:locale\" content=\"es_ES\" \/>\n<meta property=\"og:type\" content=\"article\" \/>\n<meta property=\"og:title\" content=\"Taller de coaching con caballos para enfermos oncol\u00f3gicos  - Arrandeterra,coaching amb cavalls Girona.\" \/>\n<meta property=\"og:description\" content=\"El pasado martes d\u00eda 8 de febrero, Arrandeterra y la Asociaci\u00f3n de Catalunya contra el c\u00e1ncer (aecc), organizaron un taller de coaching asistido con caballos, para personas que han tenido una enfermedad oncol\u00f3gica. Dise\u00f1\u00e9 ejercicios en grupo, para realizar con los caballos, con el fin de extraer un aprendizaje y crecimiento personal de cada uno [&hellip;]\" \/>\n<meta property=\"og:url\" content=\"https:\/\/arrandeterra.es\/es\/taller-de-coaching-con-caballos-para-enfermos-oncologicos\/\" \/>\n<meta property=\"og:site_name\" content=\"Arrandeterra,coaching amb cavalls Girona.\" \/>\n<meta property=\"article:published_time\" content=\"2011-02-24T19:13:05+00:00\" \/>\n<meta property=\"article:modified_time\" content=\"2011-02-25T10:06:03+00:00\" \/>\n<meta property=\"og:image\" content=\"https:\/\/arrandeterra.es\/wp-content\/uploads\/coaching-oncologic-taller-malalts-curs-cavalls-aprenentatge-300x225.jpg\" \/>\n<meta name=\"author\" content=\"Joan Isern\" \/>\n<meta name=\"twitter:label1\" content=\"Escrito por\" \/>\n\t<meta name=\"twitter:data1\" content=\"Joan Isern\" \/>\n\t<meta name=\"twitter:label2\" content=\"Tiempo de lectura\" \/>\n\t<meta name=\"twitter:data2\" content=\"1 minuto\" \/>\n<script type=\"application\/ld+json\" class=\"yoast-schema-graph\">{\"@context\":\"https:\/\/schema.org\",\"@graph\":[{\"@type\":\"Article\",\"@id\":\"https:\/\/arrandeterra.es\/es\/taller-de-coaching-con-caballos-para-enfermos-oncologicos\/#article\",\"isPartOf\":{\"@id\":\"https:\/\/arrandeterra.es\/es\/taller-de-coaching-con-caballos-para-enfermos-oncologicos\/\"},\"author\":{\"name\":\"Joan Isern\",\"@id\":\"https:\/\/arrandeterra.es\/es\/#\/schema\/person\/7e907015ec3c95038cb1521578831bd8\"},\"headline\":\"Taller de coaching con caballos para enfermos oncol\u00f3gicos\",\"datePublished\":\"2011-02-24T19:13:05+00:00\",\"dateModified\":\"2011-02-25T10:06:03+00:00\",\"mainEntityOfPage\":{\"@id\":\"https:\/\/arrandeterra.es\/es\/taller-de-coaching-con-caballos-para-enfermos-oncologicos\/\"},\"wordCount\":143,\"commentCount\":0,\"image\":{\"@id\":\"https:\/\/arrandeterra.es\/es\/taller-de-coaching-con-caballos-para-enfermos-oncologicos\/#primaryimage\"},\"thumbnailUrl\":\"https:\/\/arrandeterra.es\/wp-content\/uploads\/coaching-oncologic-taller-malalts-curs-cavalls-aprenentatge-300x225.jpg\",\"keywords\":[\"Arrandeterra\",\"Caballos\",\"Coaching\",\"Oncologia\",\"Taller\"],\"articleSection\":[\"Coaching con caballos\"],\"inLanguage\":\"es\",\"potentialAction\":[{\"@type\":\"CommentAction\",\"name\":\"Comment\",\"target\":[\"https:\/\/arrandeterra.es\/es\/taller-de-coaching-con-caballos-para-enfermos-oncologicos\/#respond\"]}]},{\"@type\":\"WebPage\",\"@id\":\"https:\/\/arrandeterra.es\/es\/taller-de-coaching-con-caballos-para-enfermos-oncologicos\/\",\"url\":\"https:\/\/arrandeterra.es\/es\/taller-de-coaching-con-caballos-para-enfermos-oncologicos\/\",\"name\":\"Taller de coaching con caballos para enfermos oncol\u00f3gicos - Arrandeterra,coaching amb cavalls Girona.\",\"isPartOf\":{\"@id\":\"https:\/\/arrandeterra.es\/es\/#website\"},\"primaryImageOfPage\":{\"@id\":\"https:\/\/arrandeterra.es\/es\/taller-de-coaching-con-caballos-para-enfermos-oncologicos\/#primaryimage\"},\"image\":{\"@id\":\"https:\/\/arrandeterra.es\/es\/taller-de-coaching-con-caballos-para-enfermos-oncologicos\/#primaryimage\"},\"thumbnailUrl\":\"https:\/\/arrandeterra.es\/wp-content\/uploads\/coaching-oncologic-taller-malalts-curs-cavalls-aprenentatge-300x225.jpg\",\"datePublished\":\"2011-02-24T19:13:05+00:00\",\"dateModified\":\"2011-02-25T10:06:03+00:00\",\"author\":{\"@id\":\"https:\/\/arrandeterra.es\/es\/#\/schema\/person\/7e907015ec3c95038cb1521578831bd8\"},\"breadcrumb\":{\"@id\":\"https:\/\/arrandeterra.es\/es\/taller-de-coaching-con-caballos-para-enfermos-oncologicos\/#breadcrumb\"},\"inLanguage\":\"es\",\"potentialAction\":[{\"@type\":\"ReadAction\",\"target\":[\"https:\/\/arrandeterra.es\/es\/taller-de-coaching-con-caballos-para-enfermos-oncologicos\/\"]}]},{\"@type\":\"ImageObject\",\"inLanguage\":\"es\",\"@id\":\"https:\/\/arrandeterra.es\/es\/taller-de-coaching-con-caballos-para-enfermos-oncologicos\/#primaryimage\",\"url\":\"https:\/\/arrandeterra.es\/wp-content\/uploads\/coaching-oncologic-taller-malalts-curs-cavalls-aprenentatge-300x225.jpg\",\"contentUrl\":\"https:\/\/arrandeterra.es\/wp-content\/uploads\/coaching-oncologic-taller-malalts-curs-cavalls-aprenentatge-300x225.jpg\"},{\"@type\":\"BreadcrumbList\",\"@id\":\"https:\/\/arrandeterra.es\/es\/taller-de-coaching-con-caballos-para-enfermos-oncologicos\/#breadcrumb\",\"itemListElement\":[{\"@type\":\"ListItem\",\"position\":1,\"name\":\"Inici\",\"item\":\"https:\/\/arrandeterra.es\/es\/\"},{\"@type\":\"ListItem\",\"position\":2,\"name\":\"Taller de coaching con caballos para enfermos oncol\u00f3gicos\"}]},{\"@type\":\"WebSite\",\"@id\":\"https:\/\/arrandeterra.es\/es\/#website\",\"url\":\"https:\/\/arrandeterra.es\/es\/\",\"name\":\"Arrandeterra,coaching amb cavalls Girona.\",\"description\":\"Coaching amb cavalls a Girona. Formaci\u00f3 i equinoter\u00e0pia amb cavalls.\",\"potentialAction\":[{\"@type\":\"SearchAction\",\"target\":{\"@type\":\"EntryPoint\",\"urlTemplate\":\"https:\/\/arrandeterra.es\/es\/?s={search_term_string}\"},\"query-input\":{\"@type\":\"PropertyValueSpecification\",\"valueRequired\":true,\"valueName\":\"search_term_string\"}}],\"inLanguage\":\"es\"},{\"@type\":\"Person\",\"@id\":\"https:\/\/arrandeterra.es\/es\/#\/schema\/person\/7e907015ec3c95038cb1521578831bd8\",\"name\":\"Joan Isern\",\"url\":\"https:\/\/arrandeterra.es\/es\/author\/joanisern\/\"}]}<\/script>\n<!-- \/ Yoast SEO plugin. -->","yoast_head_json":{"title":"Taller de coaching con caballos para enfermos oncol\u00f3gicos  - Arrandeterra,coaching amb cavalls Girona.","robots":{"index":"index","follow":"follow","max-snippet":"max-snippet:-1","max-image-preview":"max-image-preview:large","max-video-preview":"max-video-preview:-1"},"canonical":"https:\/\/arrandeterra.es\/es\/taller-de-coaching-con-caballos-para-enfermos-oncologicos\/","og_locale":"es_ES","og_type":"article","og_title":"Taller de coaching con caballos para enfermos oncol\u00f3gicos  - Arrandeterra,coaching amb cavalls Girona.","og_description":"El pasado martes d\u00eda 8 de febrero, Arrandeterra y la Asociaci\u00f3n de Catalunya contra el c\u00e1ncer (aecc), organizaron un taller de coaching asistido con caballos, para personas que han tenido una enfermedad oncol\u00f3gica. Dise\u00f1\u00e9 ejercicios en grupo, para realizar con los caballos, con el fin de extraer un aprendizaje y crecimiento personal de cada uno [&hellip;]","og_url":"https:\/\/arrandeterra.es\/es\/taller-de-coaching-con-caballos-para-enfermos-oncologicos\/","og_site_name":"Arrandeterra,coaching amb cavalls Girona.","article_published_time":"2011-02-24T19:13:05+00:00","article_modified_time":"2011-02-25T10:06:03+00:00","og_image":[{"url":"https:\/\/arrandeterra.es\/wp-content\/uploads\/coaching-oncologic-taller-malalts-curs-cavalls-aprenentatge-300x225.jpg","type":"","width":"","height":""}],"author":"Joan Isern","twitter_misc":{"Escrito por":"Joan Isern","Tiempo de lectura":"1 minuto"},"schema":{"@context":"https:\/\/schema.org","@graph":[{"@type":"Article","@id":"https:\/\/arrandeterra.es\/es\/taller-de-coaching-con-caballos-para-enfermos-oncologicos\/#article","isPartOf":{"@id":"https:\/\/arrandeterra.es\/es\/taller-de-coaching-con-caballos-para-enfermos-oncologicos\/"},"author":{"name":"Joan Isern","@id":"https:\/\/arrandeterra.es\/es\/#\/schema\/person\/7e907015ec3c95038cb1521578831bd8"},"headline":"Taller de coaching con caballos para enfermos oncol\u00f3gicos","datePublished":"2011-02-24T19:13:05+00:00","dateModified":"2011-02-25T10:06:03+00:00","mainEntityOfPage":{"@id":"https:\/\/arrandeterra.es\/es\/taller-de-coaching-con-caballos-para-enfermos-oncologicos\/"},"wordCount":143,"commentCount":0,"image":{"@id":"https:\/\/arrandeterra.es\/es\/taller-de-coaching-con-caballos-para-enfermos-oncologicos\/#primaryimage"},"thumbnailUrl":"https:\/\/arrandeterra.es\/wp-content\/uploads\/coaching-oncologic-taller-malalts-curs-cavalls-aprenentatge-300x225.jpg","keywords":["Arrandeterra","Caballos","Coaching","Oncologia","Taller"],"articleSection":["Coaching con caballos"],"inLanguage":"es","potentialAction":[{"@type":"CommentAction","name":"Comment","target":["https:\/\/arrandeterra.es\/es\/taller-de-coaching-con-caballos-para-enfermos-oncologicos\/#respond"]}]},{"@type":"WebPage","@id":"https:\/\/arrandeterra.es\/es\/taller-de-coaching-con-caballos-para-enfermos-oncologicos\/","url":"https:\/\/arrandeterra.es\/es\/taller-de-coaching-con-caballos-para-enfermos-oncologicos\/","name":"Taller de coaching con caballos para enfermos oncol\u00f3gicos - Arrandeterra,coaching amb cavalls Girona.","isPartOf":{"@id":"https:\/\/arrandeterra.es\/es\/#website"},"primaryImageOfPage":{"@id":"https:\/\/arrandeterra.es\/es\/taller-de-coaching-con-caballos-para-enfermos-oncologicos\/#primaryimage"},"image":{"@id":"https:\/\/arrandeterra.es\/es\/taller-de-coaching-con-caballos-para-enfermos-oncologicos\/#primaryimage"},"thumbnailUrl":"https:\/\/arrandeterra.es\/wp-content\/uploads\/coaching-oncologic-taller-malalts-curs-cavalls-aprenentatge-300x225.jpg","datePublished":"2011-02-24T19:13:05+00:00","dateModified":"2011-02-25T10:06:03+00:00","author":{"@id":"https:\/\/arrandeterra.es\/es\/#\/schema\/person\/7e907015ec3c95038cb1521578831bd8"},"breadcrumb":{"@id":"https:\/\/arrandeterra.es\/es\/taller-de-coaching-con-caballos-para-enfermos-oncologicos\/#breadcrumb"},"inLanguage":"es","potentialAction":[{"@type":"ReadAction","target":["https:\/\/arrandeterra.es\/es\/taller-de-coaching-con-caballos-para-enfermos-oncologicos\/"]}]},{"@type":"ImageObject","inLanguage":"es","@id":"https:\/\/arrandeterra.es\/es\/taller-de-coaching-con-caballos-para-enfermos-oncologicos\/#primaryimage","url":"https:\/\/arrandeterra.es\/wp-content\/uploads\/coaching-oncologic-taller-malalts-curs-cavalls-aprenentatge-300x225.jpg","contentUrl":"https:\/\/arrandeterra.es\/wp-content\/uploads\/coaching-oncologic-taller-malalts-curs-cavalls-aprenentatge-300x225.jpg"},{"@type":"BreadcrumbList","@id":"https:\/\/arrandeterra.es\/es\/taller-de-coaching-con-caballos-para-enfermos-oncologicos\/#breadcrumb","itemListElement":[{"@type":"ListItem","position":1,"name":"Inici","item":"https:\/\/arrandeterra.es\/es\/"},{"@type":"ListItem","position":2,"name":"Taller de coaching con caballos para enfermos oncol\u00f3gicos"}]},{"@type":"WebSite","@id":"https:\/\/arrandeterra.es\/es\/#website","url":"https:\/\/arrandeterra.es\/es\/","name":"Arrandeterra,coaching amb cavalls Girona.","description":"Coaching amb cavalls a Girona. Formaci\u00f3 i equinoter\u00e0pia amb cavalls.","potentialAction":[{"@type":"SearchAction","target":{"@type":"EntryPoint","urlTemplate":"https:\/\/arrandeterra.es\/es\/?s={search_term_string}"},"query-input":{"@type":"PropertyValueSpecification","valueRequired":true,"valueName":"search_term_string"}}],"inLanguage":"es"},{"@type":"Person","@id":"https:\/\/arrandeterra.es\/es\/#\/schema\/person\/7e907015ec3c95038cb1521578831bd8","name":"Joan Isern","url":"https:\/\/arrandeterra.es\/es\/author\/joanisern\/"}]}},"_links":{"self":[{"href":"https:\/\/arrandeterra.es\/es\/wp-json\/wp\/v2\/posts\/479","targetHints":{"allow":["GET"]}}],"collection":[{"href":"https:\/\/arrandeterra.es\/es\/wp-json\/wp\/v2\/posts"}],"about":[{"href":"https:\/\/arrandeterra.es\/es\/wp-json\/wp\/v2\/types\/post"}],"author":[{"embeddable":true,"href":"https:\/\/arrandeterra.es\/es\/wp-json\/wp\/v2\/users\/2"}],"replies":[{"embeddable":true,"href":"https:\/\/arrandeterra.es\/es\/wp-json\/wp\/v2\/comments?post=479"}],"version-history":[{"count":0,"href":"https:\/\/arrandeterra.es\/es\/wp-json\/wp\/v2\/posts\/479\/revisions"}],"wp:attachment":[{"href":"https:\/\/arrandeterra.es\/es\/wp-json\/wp\/v2\/media?parent=479"}],"wp:term":[{"taxonomy":"category","embeddable":true,"href":"https:\/\/arrandeterra.es\/es\/wp-json\/wp\/v2\/categories?post=479"},{"taxonomy":"post_tag","embeddable":true,"href":"https:\/\/arrandeterra.es\/es\/wp-json\/wp\/v2\/tags?post=479"}],"curies":[{"name":"wp","href":"https:\/\/api.w.org\/{rel}","templated":true}]}}