{"id":643,"date":"2011-03-11T18:35:33","date_gmt":"2011-03-11T17:35:33","guid":{"rendered":"https:\/\/arrandeterra.es\/?p=643"},"modified":"2011-03-25T16:06:59","modified_gmt":"2011-03-25T15:06:59","slug":"coaching-con-caballos-para-grupos-de-amigos-2","status":"publish","type":"post","link":"https:\/\/arrandeterra.es\/es\/coaching-con-caballos-para-grupos-de-amigos-2\/","title":{"rendered":"Coaching con caballos para grupos de amigos!"},"content":{"rendered":"<h2 style=\"text-align: center;\"><em><strong>Quieres divertirte un rato?<\/strong><\/em><\/h2>\n<p><strong>Tienes un grupo de amigos \/ amigas con quien te gustar\u00eda pasar un rato inolvidable?<\/strong><\/p>\n<p>Os propongo que veng\u00e1is a probar la experiencia del Coaching con caballos!<\/p>\n<p>Podreis experimentar un mont\u00f3n de sensaciones y sentimientos, y conocer\u00e9is m\u00e1s a fondo a vuestros compa\u00f1eros\/as!<\/p>\n<p>Una  oportunidad \u00fanica para aprender de uno mismo y de sus amigos, y como no,  potenciar sus puntos fuertes y reforzar sus puntos d\u00e9biles como grupo!<\/p>\n<p style=\"text-align: justify;\"><a href=\"..\/wp-content\/uploads\/coaching-grupal-exercici-arrandeterra-colla2.jpg\"><img loading=\"lazy\" decoding=\"async\" class=\"aligncenter\" title=\"coaching-grupal-ejercicio-arrandeterra-amigos\" src=\"..\/wp-content\/uploads\/coaching-grupal-exercici-arrandeterra-colla2-300x225.jpg\" alt=\"coaching para amigos\" width=\"300\" height=\"225\" \/><\/a><br \/>\nD\u00edas a elegir: <strong>2 y 3 de abril.<\/strong><\/p>\n<p>Horarios posibles: <strong>11-13h o de 17-19h.<\/strong><br \/>\nPrecio: 25 Euros \/ persona.<\/p>\n<p>Organiza: Arrandeterra i <a href=\"http:\/\/equidhara.wordpress.com\/\" target=\"_blank\">Dhara<\/a>.<\/p>\n<p>M\u00e1s informaci\u00f3n y reservas:<\/p>\n<p><strong>Mar\u00eda. 669 253 487.<\/strong><\/p>\n<p><strong>Neus. 606 700 547.<br \/>\n<\/strong><\/p>\n<p>(Reservas hasta antes del 28 de marzo).<\/p>\n<p><a href=\"..\/wp-content\/uploads\/coaching-grup-colles-arrandeterra-aprenentatge-exercicis1.jpg\"><\/a><\/p>\n<p style=\"text-align: center;\"><a href=\"..\/wp-content\/uploads\/coaching-grup-colles-arrandeterra-aprenentatge-exercicis1.jpg\"><img loading=\"lazy\" decoding=\"async\" title=\"coaching-grupo-amigos-arrandeterra-aprendizaje-ejercicios\" src=\"..\/wp-content\/uploads\/coaching-grup-colles-arrandeterra-aprenentatge-exercicis1.jpg\" alt=\"coaching para amigos\" width=\"224\" height=\"168\" \/><\/a><\/p>\n","protected":false},"excerpt":{"rendered":"<p>Quieres divertirte un rato? Tienes un grupo de amigos \/ amigas con quien te gustar\u00eda pasar un rato inolvidable? Os propongo que veng\u00e1is a probar la experiencia del Coaching con caballos! Podreis experimentar un mont\u00f3n de sensaciones y sentimientos, y conocer\u00e9is m\u00e1s a fondo a vuestros compa\u00f1eros\/as! Una oportunidad \u00fanica para aprender de uno mismo [&hellip;]<\/p>\n","protected":false},"author":2,"featured_media":0,"comment_status":"open","ping_status":"closed","sticky":false,"template":"","format":"standard","meta":{"_et_pb_use_builder":"","_et_pb_old_content":"","_et_gb_content_width":"","footnotes":""},"categories":[17],"tags":[33,36,16,18,13,32,35],"class_list":["post-643","post","type-post","status-publish","format-standard","hentry","category-coaching-con-caballos","tag-amigos","tag-aprendizaje","tag-arrandeterra","tag-caballos","tag-coaching","tag-grupos","tag-potenciar"],"yoast_head":"<!-- This site is optimized with the Yoast SEO plugin v27.2 - https:\/\/yoast.com\/product\/yoast-seo-wordpress\/ -->\n<title>Coaching con caballos para grupos de amigos! - Arrandeterra,coaching amb cavalls Girona.<\/title>\n<meta name=\"robots\" content=\"index, follow, max-snippet:-1, max-image-preview:large, max-video-preview:-1\" \/>\n<link rel=\"canonical\" href=\"https:\/\/arrandeterra.es\/es\/coaching-con-caballos-para-grupos-de-amigos-2\/\" \/>\n<meta property=\"og:locale\" content=\"es_ES\" \/>\n<meta property=\"og:type\" content=\"article\" \/>\n<meta property=\"og:title\" content=\"Coaching con caballos para grupos de amigos! - Arrandeterra,coaching amb cavalls Girona.\" \/>\n<meta property=\"og:description\" content=\"Quieres divertirte un rato? Tienes un grupo de amigos \/ amigas con quien te gustar\u00eda pasar un rato inolvidable? Os propongo que veng\u00e1is a probar la experiencia del Coaching con caballos! Podreis experimentar un mont\u00f3n de sensaciones y sentimientos, y conocer\u00e9is m\u00e1s a fondo a vuestros compa\u00f1eros\/as! Una oportunidad \u00fanica para aprender de uno mismo [&hellip;]\" \/>\n<meta property=\"og:url\" content=\"https:\/\/arrandeterra.es\/es\/coaching-con-caballos-para-grupos-de-amigos-2\/\" \/>\n<meta property=\"og:site_name\" content=\"Arrandeterra,coaching amb cavalls Girona.\" \/>\n<meta property=\"article:published_time\" content=\"2011-03-11T17:35:33+00:00\" \/>\n<meta property=\"article:modified_time\" content=\"2011-03-25T15:06:59+00:00\" \/>\n<meta name=\"author\" content=\"Joan Isern\" \/>\n<meta name=\"twitter:label1\" content=\"Escrito por\" \/>\n\t<meta name=\"twitter:data1\" content=\"Joan Isern\" \/>\n\t<meta name=\"twitter:label2\" content=\"Tiempo de lectura\" \/>\n\t<meta name=\"twitter:data2\" content=\"1 minuto\" \/>\n<script type=\"application\/ld+json\" class=\"yoast-schema-graph\">{\"@context\":\"https:\/\/schema.org\",\"@graph\":[{\"@type\":\"Article\",\"@id\":\"https:\/\/arrandeterra.es\/es\/coaching-con-caballos-para-grupos-de-amigos-2\/#article\",\"isPartOf\":{\"@id\":\"https:\/\/arrandeterra.es\/es\/coaching-con-caballos-para-grupos-de-amigos-2\/\"},\"author\":{\"name\":\"Joan Isern\",\"@id\":\"https:\/\/arrandeterra.es\/es\/#\/schema\/person\/7e907015ec3c95038cb1521578831bd8\"},\"headline\":\"Coaching con caballos para grupos de amigos!\",\"datePublished\":\"2011-03-11T17:35:33+00:00\",\"dateModified\":\"2011-03-25T15:06:59+00:00\",\"mainEntityOfPage\":{\"@id\":\"https:\/\/arrandeterra.es\/es\/coaching-con-caballos-para-grupos-de-amigos-2\/\"},\"wordCount\":124,\"commentCount\":0,\"keywords\":[\"amigos\",\"aprendizaje\",\"Arrandeterra\",\"Caballos\",\"Coaching\",\"grupos\",\"potenciar\"],\"articleSection\":[\"Coaching con caballos\"],\"inLanguage\":\"es\",\"potentialAction\":[{\"@type\":\"CommentAction\",\"name\":\"Comment\",\"target\":[\"https:\/\/arrandeterra.es\/es\/coaching-con-caballos-para-grupos-de-amigos-2\/#respond\"]}]},{\"@type\":\"WebPage\",\"@id\":\"https:\/\/arrandeterra.es\/es\/coaching-con-caballos-para-grupos-de-amigos-2\/\",\"url\":\"https:\/\/arrandeterra.es\/es\/coaching-con-caballos-para-grupos-de-amigos-2\/\",\"name\":\"Coaching con caballos para grupos de amigos! - Arrandeterra,coaching amb cavalls Girona.\",\"isPartOf\":{\"@id\":\"https:\/\/arrandeterra.es\/es\/#website\"},\"datePublished\":\"2011-03-11T17:35:33+00:00\",\"dateModified\":\"2011-03-25T15:06:59+00:00\",\"author\":{\"@id\":\"https:\/\/arrandeterra.es\/es\/#\/schema\/person\/7e907015ec3c95038cb1521578831bd8\"},\"breadcrumb\":{\"@id\":\"https:\/\/arrandeterra.es\/es\/coaching-con-caballos-para-grupos-de-amigos-2\/#breadcrumb\"},\"inLanguage\":\"es\",\"potentialAction\":[{\"@type\":\"ReadAction\",\"target\":[\"https:\/\/arrandeterra.es\/es\/coaching-con-caballos-para-grupos-de-amigos-2\/\"]}]},{\"@type\":\"BreadcrumbList\",\"@id\":\"https:\/\/arrandeterra.es\/es\/coaching-con-caballos-para-grupos-de-amigos-2\/#breadcrumb\",\"itemListElement\":[{\"@type\":\"ListItem\",\"position\":1,\"name\":\"Inici\",\"item\":\"https:\/\/arrandeterra.es\/es\/\"},{\"@type\":\"ListItem\",\"position\":2,\"name\":\"Coaching con caballos para grupos de amigos!\"}]},{\"@type\":\"WebSite\",\"@id\":\"https:\/\/arrandeterra.es\/es\/#website\",\"url\":\"https:\/\/arrandeterra.es\/es\/\",\"name\":\"Arrandeterra,coaching amb cavalls Girona.\",\"description\":\"Coaching amb cavalls a Girona. Formaci\u00f3 i equinoter\u00e0pia amb cavalls.\",\"potentialAction\":[{\"@type\":\"SearchAction\",\"target\":{\"@type\":\"EntryPoint\",\"urlTemplate\":\"https:\/\/arrandeterra.es\/es\/?s={search_term_string}\"},\"query-input\":{\"@type\":\"PropertyValueSpecification\",\"valueRequired\":true,\"valueName\":\"search_term_string\"}}],\"inLanguage\":\"es\"},{\"@type\":\"Person\",\"@id\":\"https:\/\/arrandeterra.es\/es\/#\/schema\/person\/7e907015ec3c95038cb1521578831bd8\",\"name\":\"Joan Isern\",\"url\":\"https:\/\/arrandeterra.es\/es\/author\/joanisern\/\"}]}<\/script>\n<!-- \/ Yoast SEO plugin. -->","yoast_head_json":{"title":"Coaching con caballos para grupos de amigos! - Arrandeterra,coaching amb cavalls Girona.","robots":{"index":"index","follow":"follow","max-snippet":"max-snippet:-1","max-image-preview":"max-image-preview:large","max-video-preview":"max-video-preview:-1"},"canonical":"https:\/\/arrandeterra.es\/es\/coaching-con-caballos-para-grupos-de-amigos-2\/","og_locale":"es_ES","og_type":"article","og_title":"Coaching con caballos para grupos de amigos! - Arrandeterra,coaching amb cavalls Girona.","og_description":"Quieres divertirte un rato? Tienes un grupo de amigos \/ amigas con quien te gustar\u00eda pasar un rato inolvidable? Os propongo que veng\u00e1is a probar la experiencia del Coaching con caballos! Podreis experimentar un mont\u00f3n de sensaciones y sentimientos, y conocer\u00e9is m\u00e1s a fondo a vuestros compa\u00f1eros\/as! Una oportunidad \u00fanica para aprender de uno mismo [&hellip;]","og_url":"https:\/\/arrandeterra.es\/es\/coaching-con-caballos-para-grupos-de-amigos-2\/","og_site_name":"Arrandeterra,coaching amb cavalls Girona.","article_published_time":"2011-03-11T17:35:33+00:00","article_modified_time":"2011-03-25T15:06:59+00:00","author":"Joan Isern","twitter_misc":{"Escrito por":"Joan Isern","Tiempo de lectura":"1 minuto"},"schema":{"@context":"https:\/\/schema.org","@graph":[{"@type":"Article","@id":"https:\/\/arrandeterra.es\/es\/coaching-con-caballos-para-grupos-de-amigos-2\/#article","isPartOf":{"@id":"https:\/\/arrandeterra.es\/es\/coaching-con-caballos-para-grupos-de-amigos-2\/"},"author":{"name":"Joan Isern","@id":"https:\/\/arrandeterra.es\/es\/#\/schema\/person\/7e907015ec3c95038cb1521578831bd8"},"headline":"Coaching con caballos para grupos de amigos!","datePublished":"2011-03-11T17:35:33+00:00","dateModified":"2011-03-25T15:06:59+00:00","mainEntityOfPage":{"@id":"https:\/\/arrandeterra.es\/es\/coaching-con-caballos-para-grupos-de-amigos-2\/"},"wordCount":124,"commentCount":0,"keywords":["amigos","aprendizaje","Arrandeterra","Caballos","Coaching","grupos","potenciar"],"articleSection":["Coaching con caballos"],"inLanguage":"es","potentialAction":[{"@type":"CommentAction","name":"Comment","target":["https:\/\/arrandeterra.es\/es\/coaching-con-caballos-para-grupos-de-amigos-2\/#respond"]}]},{"@type":"WebPage","@id":"https:\/\/arrandeterra.es\/es\/coaching-con-caballos-para-grupos-de-amigos-2\/","url":"https:\/\/arrandeterra.es\/es\/coaching-con-caballos-para-grupos-de-amigos-2\/","name":"Coaching con caballos para grupos de amigos! - Arrandeterra,coaching amb cavalls Girona.","isPartOf":{"@id":"https:\/\/arrandeterra.es\/es\/#website"},"datePublished":"2011-03-11T17:35:33+00:00","dateModified":"2011-03-25T15:06:59+00:00","author":{"@id":"https:\/\/arrandeterra.es\/es\/#\/schema\/person\/7e907015ec3c95038cb1521578831bd8"},"breadcrumb":{"@id":"https:\/\/arrandeterra.es\/es\/coaching-con-caballos-para-grupos-de-amigos-2\/#breadcrumb"},"inLanguage":"es","potentialAction":[{"@type":"ReadAction","target":["https:\/\/arrandeterra.es\/es\/coaching-con-caballos-para-grupos-de-amigos-2\/"]}]},{"@type":"BreadcrumbList","@id":"https:\/\/arrandeterra.es\/es\/coaching-con-caballos-para-grupos-de-amigos-2\/#breadcrumb","itemListElement":[{"@type":"ListItem","position":1,"name":"Inici","item":"https:\/\/arrandeterra.es\/es\/"},{"@type":"ListItem","position":2,"name":"Coaching con caballos para grupos de amigos!"}]},{"@type":"WebSite","@id":"https:\/\/arrandeterra.es\/es\/#website","url":"https:\/\/arrandeterra.es\/es\/","name":"Arrandeterra,coaching amb cavalls Girona.","description":"Coaching amb cavalls a Girona. Formaci\u00f3 i equinoter\u00e0pia amb cavalls.","potentialAction":[{"@type":"SearchAction","target":{"@type":"EntryPoint","urlTemplate":"https:\/\/arrandeterra.es\/es\/?s={search_term_string}"},"query-input":{"@type":"PropertyValueSpecification","valueRequired":true,"valueName":"search_term_string"}}],"inLanguage":"es"},{"@type":"Person","@id":"https:\/\/arrandeterra.es\/es\/#\/schema\/person\/7e907015ec3c95038cb1521578831bd8","name":"Joan Isern","url":"https:\/\/arrandeterra.es\/es\/author\/joanisern\/"}]}},"_links":{"self":[{"href":"https:\/\/arrandeterra.es\/es\/wp-json\/wp\/v2\/posts\/643","targetHints":{"allow":["GET"]}}],"collection":[{"href":"https:\/\/arrandeterra.es\/es\/wp-json\/wp\/v2\/posts"}],"about":[{"href":"https:\/\/arrandeterra.es\/es\/wp-json\/wp\/v2\/types\/post"}],"author":[{"embeddable":true,"href":"https:\/\/arrandeterra.es\/es\/wp-json\/wp\/v2\/users\/2"}],"replies":[{"embeddable":true,"href":"https:\/\/arrandeterra.es\/es\/wp-json\/wp\/v2\/comments?post=643"}],"version-history":[{"count":0,"href":"https:\/\/arrandeterra.es\/es\/wp-json\/wp\/v2\/posts\/643\/revisions"}],"wp:attachment":[{"href":"https:\/\/arrandeterra.es\/es\/wp-json\/wp\/v2\/media?parent=643"}],"wp:term":[{"taxonomy":"category","embeddable":true,"href":"https:\/\/arrandeterra.es\/es\/wp-json\/wp\/v2\/categories?post=643"},{"taxonomy":"post_tag","embeddable":true,"href":"https:\/\/arrandeterra.es\/es\/wp-json\/wp\/v2\/tags?post=643"}],"curies":[{"name":"wp","href":"https:\/\/api.w.org\/{rel}","templated":true}]}}