{"id":660,"date":"2011-04-11T18:43:52","date_gmt":"2011-04-11T17:43:52","guid":{"rendered":"https:\/\/arrandeterra.es\/?p=660"},"modified":"2011-04-11T18:43:52","modified_gmt":"2011-04-11T17:43:52","slug":"coaching-para-familias","status":"publish","type":"post","link":"https:\/\/arrandeterra.es\/es\/coaching-para-familias\/","title":{"rendered":"Coaching para fam\u00edlias"},"content":{"rendered":"<p>El pasado dia 3 de abril, Arrandeterra i Dhara organizaron un taller de Coaching para fam\u00edlias.<\/p>\n<p>El objetivo fue pasar un rato lleno de emociones, diversi\u00f3n, alegr\u00eda, uni\u00f3n y aprendizaje!!<\/p>\n<p>Las fotograf\u00edas lo demuestran, UNA IMAGEN VALE M\u00c1S QUE MIL PALABRAS!!<\/p>\n<p><a href=\"https:\/\/arrandeterra.es\/wp-content\/uploads\/coachingcavallstallerfamiliaarrandeterra1.jpg\"><img loading=\"lazy\" decoding=\"async\" class=\"aligncenter size-medium wp-image-662\" title=\"coaching,caballos,taller,familia,arrandeterra\" src=\"https:\/\/arrandeterra.es\/wp-content\/uploads\/coachingcavallstallerfamiliaarrandeterra1-300x225.jpg\" alt=\"\" width=\"300\" height=\"225\" srcset=\"https:\/\/arrandeterra.es\/wp-content\/uploads\/coachingcavallstallerfamiliaarrandeterra1-300x225.jpg 300w, https:\/\/arrandeterra.es\/wp-content\/uploads\/coachingcavallstallerfamiliaarrandeterra1.jpg 912w\" sizes=\"(max-width: 300px) 100vw, 300px\" \/><\/a><a href=\"https:\/\/arrandeterra.es\/wp-content\/uploads\/coachingfamiliestallercavallsarrandeterra1.jpg\"><img loading=\"lazy\" decoding=\"async\" class=\"aligncenter size-medium wp-image-665\" title=\"coaching,familias,taller,caballos,arrandeterra\" src=\"https:\/\/arrandeterra.es\/wp-content\/uploads\/coachingfamiliestallercavallsarrandeterra1-300x225.jpg\" alt=\"\" width=\"300\" height=\"225\" srcset=\"https:\/\/arrandeterra.es\/wp-content\/uploads\/coachingfamiliestallercavallsarrandeterra1-300x225.jpg 300w, https:\/\/arrandeterra.es\/wp-content\/uploads\/coachingfamiliestallercavallsarrandeterra1.jpg 912w\" sizes=\"(max-width: 300px) 100vw, 300px\" \/><\/a><a href=\"https:\/\/arrandeterra.es\/wp-content\/uploads\/coachingfamiliestallerarrandeterracavalls1.jpg\"><img loading=\"lazy\" decoding=\"async\" class=\"aligncenter size-medium wp-image-664\" title=\"coaching,familias,taller,arrandeterra,caballos\" src=\"https:\/\/arrandeterra.es\/wp-content\/uploads\/coachingfamiliestallerarrandeterracavalls1-300x225.jpg\" alt=\"\" width=\"300\" height=\"225\" srcset=\"https:\/\/arrandeterra.es\/wp-content\/uploads\/coachingfamiliestallerarrandeterracavalls1-300x225.jpg 300w, https:\/\/arrandeterra.es\/wp-content\/uploads\/coachingfamiliestallerarrandeterracavalls1.jpg 912w\" sizes=\"(max-width: 300px) 100vw, 300px\" \/><\/a><a href=\"https:\/\/arrandeterra.es\/wp-content\/uploads\/coachingfamiliestallerarrandeterra1.jpg\"><img loading=\"lazy\" decoding=\"async\" class=\"aligncenter size-medium wp-image-663\" title=\"coaching,familias,taller,arrandeterra\" src=\"https:\/\/arrandeterra.es\/wp-content\/uploads\/coachingfamiliestallerarrandeterra1-300x225.jpg\" alt=\"\" width=\"300\" height=\"225\" srcset=\"https:\/\/arrandeterra.es\/wp-content\/uploads\/coachingfamiliestallerarrandeterra1-300x225.jpg 300w, https:\/\/arrandeterra.es\/wp-content\/uploads\/coachingfamiliestallerarrandeterra1.jpg 912w\" sizes=\"(max-width: 300px) 100vw, 300px\" \/><\/a><\/p>\n","protected":false},"excerpt":{"rendered":"<p>El pasado dia 3 de abril, Arrandeterra i Dhara organizaron un taller de Coaching para fam\u00edlias. El objetivo fue pasar un rato lleno de emociones, diversi\u00f3n, alegr\u00eda, uni\u00f3n y aprendizaje!! Las fotograf\u00edas lo demuestran, UNA IMAGEN VALE M\u00c1S QUE MIL PALABRAS!!<\/p>\n","protected":false},"author":2,"featured_media":0,"comment_status":"open","ping_status":"closed","sticky":false,"template":"","format":"standard","meta":{"_et_pb_use_builder":"","_et_pb_old_content":"","_et_gb_content_width":"","footnotes":""},"categories":[17],"tags":[18,13,38,23],"class_list":["post-660","post","type-post","status-publish","format-standard","hentry","category-coaching-con-caballos","tag-caballos","tag-coaching","tag-familia","tag-grupo"],"yoast_head":"<!-- This site is optimized with the Yoast SEO plugin v27.2 - https:\/\/yoast.com\/product\/yoast-seo-wordpress\/ -->\n<title>Coaching para fam\u00edlias - Arrandeterra,coaching amb cavalls Girona.<\/title>\n<meta name=\"robots\" content=\"index, follow, max-snippet:-1, max-image-preview:large, max-video-preview:-1\" \/>\n<link rel=\"canonical\" href=\"https:\/\/arrandeterra.es\/es\/coaching-para-familias\/\" \/>\n<meta property=\"og:locale\" content=\"es_ES\" \/>\n<meta property=\"og:type\" content=\"article\" \/>\n<meta property=\"og:title\" content=\"Coaching para fam\u00edlias - Arrandeterra,coaching amb cavalls Girona.\" \/>\n<meta property=\"og:description\" content=\"El pasado dia 3 de abril, Arrandeterra i Dhara organizaron un taller de Coaching para fam\u00edlias. El objetivo fue pasar un rato lleno de emociones, diversi\u00f3n, alegr\u00eda, uni\u00f3n y aprendizaje!! Las fotograf\u00edas lo demuestran, UNA IMAGEN VALE M\u00c1S QUE MIL PALABRAS!!\" \/>\n<meta property=\"og:url\" content=\"https:\/\/arrandeterra.es\/es\/coaching-para-familias\/\" \/>\n<meta property=\"og:site_name\" content=\"Arrandeterra,coaching amb cavalls Girona.\" \/>\n<meta property=\"article:published_time\" content=\"2011-04-11T17:43:52+00:00\" \/>\n<meta property=\"og:image\" content=\"https:\/\/arrandeterra.es\/wp-content\/uploads\/coachingcavallstallerfamiliaarrandeterra1-300x225.jpg\" \/>\n<meta name=\"author\" content=\"Joan Isern\" \/>\n<meta name=\"twitter:label1\" content=\"Escrito por\" \/>\n\t<meta name=\"twitter:data1\" content=\"Joan Isern\" \/>\n<script type=\"application\/ld+json\" class=\"yoast-schema-graph\">{\"@context\":\"https:\/\/schema.org\",\"@graph\":[{\"@type\":\"Article\",\"@id\":\"https:\/\/arrandeterra.es\/es\/coaching-para-familias\/#article\",\"isPartOf\":{\"@id\":\"https:\/\/arrandeterra.es\/es\/coaching-para-familias\/\"},\"author\":{\"name\":\"Joan Isern\",\"@id\":\"https:\/\/arrandeterra.es\/es\/#\/schema\/person\/7e907015ec3c95038cb1521578831bd8\"},\"headline\":\"Coaching para fam\u00edlias\",\"datePublished\":\"2011-04-11T17:43:52+00:00\",\"mainEntityOfPage\":{\"@id\":\"https:\/\/arrandeterra.es\/es\/coaching-para-familias\/\"},\"wordCount\":50,\"commentCount\":0,\"image\":{\"@id\":\"https:\/\/arrandeterra.es\/es\/coaching-para-familias\/#primaryimage\"},\"thumbnailUrl\":\"https:\/\/arrandeterra.es\/wp-content\/uploads\/coachingcavallstallerfamiliaarrandeterra1-300x225.jpg\",\"keywords\":[\"Caballos\",\"Coaching\",\"fam\u00edlia\",\"grupo\"],\"articleSection\":[\"Coaching con caballos\"],\"inLanguage\":\"es\",\"potentialAction\":[{\"@type\":\"CommentAction\",\"name\":\"Comment\",\"target\":[\"https:\/\/arrandeterra.es\/es\/coaching-para-familias\/#respond\"]}]},{\"@type\":\"WebPage\",\"@id\":\"https:\/\/arrandeterra.es\/es\/coaching-para-familias\/\",\"url\":\"https:\/\/arrandeterra.es\/es\/coaching-para-familias\/\",\"name\":\"Coaching para fam\u00edlias - Arrandeterra,coaching amb cavalls Girona.\",\"isPartOf\":{\"@id\":\"https:\/\/arrandeterra.es\/es\/#website\"},\"primaryImageOfPage\":{\"@id\":\"https:\/\/arrandeterra.es\/es\/coaching-para-familias\/#primaryimage\"},\"image\":{\"@id\":\"https:\/\/arrandeterra.es\/es\/coaching-para-familias\/#primaryimage\"},\"thumbnailUrl\":\"https:\/\/arrandeterra.es\/wp-content\/uploads\/coachingcavallstallerfamiliaarrandeterra1-300x225.jpg\",\"datePublished\":\"2011-04-11T17:43:52+00:00\",\"author\":{\"@id\":\"https:\/\/arrandeterra.es\/es\/#\/schema\/person\/7e907015ec3c95038cb1521578831bd8\"},\"breadcrumb\":{\"@id\":\"https:\/\/arrandeterra.es\/es\/coaching-para-familias\/#breadcrumb\"},\"inLanguage\":\"es\",\"potentialAction\":[{\"@type\":\"ReadAction\",\"target\":[\"https:\/\/arrandeterra.es\/es\/coaching-para-familias\/\"]}]},{\"@type\":\"ImageObject\",\"inLanguage\":\"es\",\"@id\":\"https:\/\/arrandeterra.es\/es\/coaching-para-familias\/#primaryimage\",\"url\":\"https:\/\/arrandeterra.es\/wp-content\/uploads\/coachingcavallstallerfamiliaarrandeterra1-300x225.jpg\",\"contentUrl\":\"https:\/\/arrandeterra.es\/wp-content\/uploads\/coachingcavallstallerfamiliaarrandeterra1-300x225.jpg\"},{\"@type\":\"BreadcrumbList\",\"@id\":\"https:\/\/arrandeterra.es\/es\/coaching-para-familias\/#breadcrumb\",\"itemListElement\":[{\"@type\":\"ListItem\",\"position\":1,\"name\":\"Inici\",\"item\":\"https:\/\/arrandeterra.es\/es\/\"},{\"@type\":\"ListItem\",\"position\":2,\"name\":\"Coaching para fam\u00edlias\"}]},{\"@type\":\"WebSite\",\"@id\":\"https:\/\/arrandeterra.es\/es\/#website\",\"url\":\"https:\/\/arrandeterra.es\/es\/\",\"name\":\"Arrandeterra,coaching amb cavalls Girona.\",\"description\":\"Coaching amb cavalls a Girona. Formaci\u00f3 i equinoter\u00e0pia amb cavalls.\",\"potentialAction\":[{\"@type\":\"SearchAction\",\"target\":{\"@type\":\"EntryPoint\",\"urlTemplate\":\"https:\/\/arrandeterra.es\/es\/?s={search_term_string}\"},\"query-input\":{\"@type\":\"PropertyValueSpecification\",\"valueRequired\":true,\"valueName\":\"search_term_string\"}}],\"inLanguage\":\"es\"},{\"@type\":\"Person\",\"@id\":\"https:\/\/arrandeterra.es\/es\/#\/schema\/person\/7e907015ec3c95038cb1521578831bd8\",\"name\":\"Joan Isern\",\"url\":\"https:\/\/arrandeterra.es\/es\/author\/joanisern\/\"}]}<\/script>\n<!-- \/ Yoast SEO plugin. -->","yoast_head_json":{"title":"Coaching para fam\u00edlias - Arrandeterra,coaching amb cavalls Girona.","robots":{"index":"index","follow":"follow","max-snippet":"max-snippet:-1","max-image-preview":"max-image-preview:large","max-video-preview":"max-video-preview:-1"},"canonical":"https:\/\/arrandeterra.es\/es\/coaching-para-familias\/","og_locale":"es_ES","og_type":"article","og_title":"Coaching para fam\u00edlias - Arrandeterra,coaching amb cavalls Girona.","og_description":"El pasado dia 3 de abril, Arrandeterra i Dhara organizaron un taller de Coaching para fam\u00edlias. El objetivo fue pasar un rato lleno de emociones, diversi\u00f3n, alegr\u00eda, uni\u00f3n y aprendizaje!! Las fotograf\u00edas lo demuestran, UNA IMAGEN VALE M\u00c1S QUE MIL PALABRAS!!","og_url":"https:\/\/arrandeterra.es\/es\/coaching-para-familias\/","og_site_name":"Arrandeterra,coaching amb cavalls Girona.","article_published_time":"2011-04-11T17:43:52+00:00","og_image":[{"url":"https:\/\/arrandeterra.es\/wp-content\/uploads\/coachingcavallstallerfamiliaarrandeterra1-300x225.jpg","type":"","width":"","height":""}],"author":"Joan Isern","twitter_misc":{"Escrito por":"Joan Isern"},"schema":{"@context":"https:\/\/schema.org","@graph":[{"@type":"Article","@id":"https:\/\/arrandeterra.es\/es\/coaching-para-familias\/#article","isPartOf":{"@id":"https:\/\/arrandeterra.es\/es\/coaching-para-familias\/"},"author":{"name":"Joan Isern","@id":"https:\/\/arrandeterra.es\/es\/#\/schema\/person\/7e907015ec3c95038cb1521578831bd8"},"headline":"Coaching para fam\u00edlias","datePublished":"2011-04-11T17:43:52+00:00","mainEntityOfPage":{"@id":"https:\/\/arrandeterra.es\/es\/coaching-para-familias\/"},"wordCount":50,"commentCount":0,"image":{"@id":"https:\/\/arrandeterra.es\/es\/coaching-para-familias\/#primaryimage"},"thumbnailUrl":"https:\/\/arrandeterra.es\/wp-content\/uploads\/coachingcavallstallerfamiliaarrandeterra1-300x225.jpg","keywords":["Caballos","Coaching","fam\u00edlia","grupo"],"articleSection":["Coaching con caballos"],"inLanguage":"es","potentialAction":[{"@type":"CommentAction","name":"Comment","target":["https:\/\/arrandeterra.es\/es\/coaching-para-familias\/#respond"]}]},{"@type":"WebPage","@id":"https:\/\/arrandeterra.es\/es\/coaching-para-familias\/","url":"https:\/\/arrandeterra.es\/es\/coaching-para-familias\/","name":"Coaching para fam\u00edlias - Arrandeterra,coaching amb cavalls Girona.","isPartOf":{"@id":"https:\/\/arrandeterra.es\/es\/#website"},"primaryImageOfPage":{"@id":"https:\/\/arrandeterra.es\/es\/coaching-para-familias\/#primaryimage"},"image":{"@id":"https:\/\/arrandeterra.es\/es\/coaching-para-familias\/#primaryimage"},"thumbnailUrl":"https:\/\/arrandeterra.es\/wp-content\/uploads\/coachingcavallstallerfamiliaarrandeterra1-300x225.jpg","datePublished":"2011-04-11T17:43:52+00:00","author":{"@id":"https:\/\/arrandeterra.es\/es\/#\/schema\/person\/7e907015ec3c95038cb1521578831bd8"},"breadcrumb":{"@id":"https:\/\/arrandeterra.es\/es\/coaching-para-familias\/#breadcrumb"},"inLanguage":"es","potentialAction":[{"@type":"ReadAction","target":["https:\/\/arrandeterra.es\/es\/coaching-para-familias\/"]}]},{"@type":"ImageObject","inLanguage":"es","@id":"https:\/\/arrandeterra.es\/es\/coaching-para-familias\/#primaryimage","url":"https:\/\/arrandeterra.es\/wp-content\/uploads\/coachingcavallstallerfamiliaarrandeterra1-300x225.jpg","contentUrl":"https:\/\/arrandeterra.es\/wp-content\/uploads\/coachingcavallstallerfamiliaarrandeterra1-300x225.jpg"},{"@type":"BreadcrumbList","@id":"https:\/\/arrandeterra.es\/es\/coaching-para-familias\/#breadcrumb","itemListElement":[{"@type":"ListItem","position":1,"name":"Inici","item":"https:\/\/arrandeterra.es\/es\/"},{"@type":"ListItem","position":2,"name":"Coaching para fam\u00edlias"}]},{"@type":"WebSite","@id":"https:\/\/arrandeterra.es\/es\/#website","url":"https:\/\/arrandeterra.es\/es\/","name":"Arrandeterra,coaching amb cavalls Girona.","description":"Coaching amb cavalls a Girona. Formaci\u00f3 i equinoter\u00e0pia amb cavalls.","potentialAction":[{"@type":"SearchAction","target":{"@type":"EntryPoint","urlTemplate":"https:\/\/arrandeterra.es\/es\/?s={search_term_string}"},"query-input":{"@type":"PropertyValueSpecification","valueRequired":true,"valueName":"search_term_string"}}],"inLanguage":"es"},{"@type":"Person","@id":"https:\/\/arrandeterra.es\/es\/#\/schema\/person\/7e907015ec3c95038cb1521578831bd8","name":"Joan Isern","url":"https:\/\/arrandeterra.es\/es\/author\/joanisern\/"}]}},"_links":{"self":[{"href":"https:\/\/arrandeterra.es\/es\/wp-json\/wp\/v2\/posts\/660","targetHints":{"allow":["GET"]}}],"collection":[{"href":"https:\/\/arrandeterra.es\/es\/wp-json\/wp\/v2\/posts"}],"about":[{"href":"https:\/\/arrandeterra.es\/es\/wp-json\/wp\/v2\/types\/post"}],"author":[{"embeddable":true,"href":"https:\/\/arrandeterra.es\/es\/wp-json\/wp\/v2\/users\/2"}],"replies":[{"embeddable":true,"href":"https:\/\/arrandeterra.es\/es\/wp-json\/wp\/v2\/comments?post=660"}],"version-history":[{"count":0,"href":"https:\/\/arrandeterra.es\/es\/wp-json\/wp\/v2\/posts\/660\/revisions"}],"wp:attachment":[{"href":"https:\/\/arrandeterra.es\/es\/wp-json\/wp\/v2\/media?parent=660"}],"wp:term":[{"taxonomy":"category","embeddable":true,"href":"https:\/\/arrandeterra.es\/es\/wp-json\/wp\/v2\/categories?post=660"},{"taxonomy":"post_tag","embeddable":true,"href":"https:\/\/arrandeterra.es\/es\/wp-json\/wp\/v2\/tags?post=660"}],"curies":[{"name":"wp","href":"https:\/\/api.w.org\/{rel}","templated":true}]}}