{"id":841,"date":"2012-01-28T12:34:39","date_gmt":"2012-01-28T11:34:39","guid":{"rendered":"https:\/\/arrandeterra.es\/?p=841"},"modified":"2012-08-18T13:19:05","modified_gmt":"2012-08-18T12:19:05","slug":"dia-solidario-en-sant-dalmai","status":"publish","type":"post","link":"https:\/\/arrandeterra.es\/es\/dia-solidario-en-sant-dalmai\/","title":{"rendered":"D\u00cdA SOLIDARIO EN \u00abSANT DALMAI\u00bb"},"content":{"rendered":"<p><a href=\"https:\/\/arrandeterra.es\/wp-content\/uploads\/AG313181.jpg\"><img loading=\"lazy\" decoding=\"async\" class=\"aligncenter size-medium wp-image-843\" title=\"_AG31318\" src=\"https:\/\/arrandeterra.es\/wp-content\/uploads\/AG313181-300x199.jpg\" alt=\"\" width=\"300\" height=\"199\" srcset=\"https:\/\/arrandeterra.es\/wp-content\/uploads\/AG313181-300x199.jpg 300w, https:\/\/arrandeterra.es\/wp-content\/uploads\/AG313181.jpg 1024w\" sizes=\"(max-width: 300px) 100vw, 300px\" \/><\/a><\/p>\n<h6 style=\"text-align: center;\">Autora foto: Anna Gonz\u00e1lez Bello.<\/h6>\n<p>El pasado d\u00eda 11 de diciembre, <span style=\"color: #ff00ff;\">Arrandeterra<\/span> colabor\u00f3 \u200b\u200bdesinteresadamente con la <span style=\"color: #ff00ff;\">Primera jornada solidaria para los amantes de los animales<\/span>, donde todo lo que se recolect\u00f3 fue para la <span style=\"text-decoration: underline;\">Marat\u00f3 de TV3<\/span> que este a\u00f1o recaud\u00f3 fondos para los trasplantes.<\/p>\n<p>Durante la ma\u00f1ana del domingo, se hicieron varias actividades con perros y con <span style=\"color: #ff00ff;\">\u00abRomeu y Julieta\u00bb,<\/span> dos ejemplares espl\u00e9ndidos de Arrandeterra.<\/p>\n<p><a href=\"https:\/\/arrandeterra.es\/wp-content\/uploads\/AG313811.jpg\"><img loading=\"lazy\" decoding=\"async\" class=\"aligncenter size-medium wp-image-844\" title=\"_AG31381\" src=\"https:\/\/arrandeterra.es\/wp-content\/uploads\/AG313811-199x300.jpg\" alt=\"\" width=\"199\" height=\"300\" srcset=\"https:\/\/arrandeterra.es\/wp-content\/uploads\/AG313811-199x300.jpg 199w, https:\/\/arrandeterra.es\/wp-content\/uploads\/AG313811.jpg 680w\" sizes=\"(max-width: 199px) 100vw, 199px\" \/><\/a><\/p>\n<h6 style=\"text-align: center;\">Autora foto: Anna Gonz\u00e1lez Bello.<\/h6>\n<p>Se hicieron demostraciones de Agility, y actividades y juegos con los ni\u00f1os con perros de asistencia.<\/p>\n<p><span style=\"color: #ff00ff;\">\u00abRomeu y Julieta\u00bb<\/span> hicieron una peque\u00f1a demostraci\u00f3n de lo que podemos trabajar con el caballo, pie a tierra y desde encima,\u00a0abarcando, este trabajo, desde habilidades sociales, motrices y \/ o ling\u00fc\u00edsticas.<\/p>\n<p>Mientras hac\u00edamos juegos de memoria y psicomotricidad con los ni\u00f1os voluntarios, explicamos al p\u00fablico asistente, para quien puede ser beneficiosa la equinoterapia, c\u00f3mo trabajamos y qu\u00e9 afectaciones f\u00edsicas y mentales se pueden tratar.<\/p>\n<p><a href=\"https:\/\/arrandeterra.es\/wp-content\/uploads\/AG313532.jpg\"><img loading=\"lazy\" decoding=\"async\" class=\"aligncenter size-medium wp-image-845\" title=\"_AG31353\" src=\"https:\/\/arrandeterra.es\/wp-content\/uploads\/AG313532-300x199.jpg\" alt=\"\" width=\"300\" height=\"199\" srcset=\"https:\/\/arrandeterra.es\/wp-content\/uploads\/AG313532-300x199.jpg 300w, https:\/\/arrandeterra.es\/wp-content\/uploads\/AG313532.jpg 1024w\" sizes=\"(max-width: 300px) 100vw, 300px\" \/><\/a><\/p>\n<h6 style=\"text-align: center;\">Autora foto: Anna Gonz\u00e1lez Bello.<\/h6>\n<p>Esta curiosa pareja causaron gran expectaci\u00f3n, ya que no es frecuente ver una relaci\u00f3n de tan profunda\u00a0amistad, entre un cordero y un caballo.<\/p>\n<p><a href=\"https:\/\/arrandeterra.es\/wp-content\/uploads\/AG314101.jpg\"><img loading=\"lazy\" decoding=\"async\" class=\"aligncenter size-medium wp-image-846\" title=\"_AG31410\" src=\"https:\/\/arrandeterra.es\/wp-content\/uploads\/AG314101-300x199.jpg\" alt=\"\" width=\"300\" height=\"199\" srcset=\"https:\/\/arrandeterra.es\/wp-content\/uploads\/AG314101-300x199.jpg 300w, https:\/\/arrandeterra.es\/wp-content\/uploads\/AG314101.jpg 1024w\" sizes=\"(max-width: 300px) 100vw, 300px\" \/><\/a><\/p>\n<h6 style=\"text-align: center;\">Autora fotos: Anna Gonz\u00e1lez Bello.<\/h6>\n<p><img loading=\"lazy\" decoding=\"async\" class=\"aligncenter\" title=\"_AG31413\" src=\"https:\/\/arrandeterra.es\/wp-content\/uploads\/AG314131-199x300.jpg\" alt=\"\" width=\"199\" height=\"300\" \/><\/p>\n<p>Gracias a todos por poner vuestro granito de arena para la <span style=\"text-decoration: underline;\"><span style=\"color: #ff00ff; text-decoration: underline;\">Marat\u00f3 de TV3<\/span><\/span>! es para una buena causa!<\/p>\n<p>&nbsp;<\/p>\n<div id=\"spell-place-holder\">\u00a0<\/div>\n","protected":false},"excerpt":{"rendered":"<p>Autora foto: Anna Gonz\u00e1lez Bello. El pasado d\u00eda 11 de diciembre, Arrandeterra colabor\u00f3 \u200b\u200bdesinteresadamente con la Primera jornada solidaria para los amantes de los animales, donde todo lo que se recolect\u00f3 fue para la Marat\u00f3 de TV3 que este a\u00f1o recaud\u00f3 fondos para los trasplantes. Durante la ma\u00f1ana del domingo, se hicieron varias actividades con [&hellip;]<\/p>\n","protected":false},"author":2,"featured_media":0,"comment_status":"open","ping_status":"closed","sticky":false,"template":"","format":"standard","meta":{"_et_pb_use_builder":"","_et_pb_old_content":"","_et_gb_content_width":"","footnotes":""},"categories":[4],"tags":[],"class_list":["post-841","post","type-post","status-publish","format-standard","hentry","category-sin-categoria-es"],"yoast_head":"<!-- This site is optimized with the Yoast SEO plugin v27.2 - https:\/\/yoast.com\/product\/yoast-seo-wordpress\/ -->\n<title>D\u00cdA SOLIDARIO EN &quot;SANT DALMAI&quot; - Arrandeterra,coaching amb cavalls Girona.<\/title>\n<meta name=\"robots\" content=\"index, follow, max-snippet:-1, max-image-preview:large, max-video-preview:-1\" \/>\n<link rel=\"canonical\" href=\"https:\/\/arrandeterra.es\/es\/dia-solidario-en-sant-dalmai\/\" \/>\n<meta property=\"og:locale\" content=\"es_ES\" \/>\n<meta property=\"og:type\" content=\"article\" \/>\n<meta property=\"og:title\" content=\"D\u00cdA SOLIDARIO EN &quot;SANT DALMAI&quot; - Arrandeterra,coaching amb cavalls Girona.\" \/>\n<meta property=\"og:description\" content=\"Autora foto: Anna Gonz\u00e1lez Bello. El pasado d\u00eda 11 de diciembre, Arrandeterra colabor\u00f3 \u200b\u200bdesinteresadamente con la Primera jornada solidaria para los amantes de los animales, donde todo lo que se recolect\u00f3 fue para la Marat\u00f3 de TV3 que este a\u00f1o recaud\u00f3 fondos para los trasplantes. Durante la ma\u00f1ana del domingo, se hicieron varias actividades con [&hellip;]\" \/>\n<meta property=\"og:url\" content=\"https:\/\/arrandeterra.es\/es\/dia-solidario-en-sant-dalmai\/\" \/>\n<meta property=\"og:site_name\" content=\"Arrandeterra,coaching amb cavalls Girona.\" \/>\n<meta property=\"article:published_time\" content=\"2012-01-28T11:34:39+00:00\" \/>\n<meta property=\"article:modified_time\" content=\"2012-08-18T12:19:05+00:00\" \/>\n<meta property=\"og:image\" content=\"https:\/\/arrandeterra.es\/wp-content\/uploads\/AG313181-300x199.jpg\" \/>\n<meta name=\"author\" content=\"Joan Isern\" \/>\n<meta name=\"twitter:label1\" content=\"Escrito por\" \/>\n\t<meta name=\"twitter:data1\" content=\"Joan Isern\" \/>\n\t<meta name=\"twitter:label2\" content=\"Tiempo de lectura\" \/>\n\t<meta name=\"twitter:data2\" content=\"1 minuto\" \/>\n<script type=\"application\/ld+json\" class=\"yoast-schema-graph\">{\"@context\":\"https:\/\/schema.org\",\"@graph\":[{\"@type\":\"Article\",\"@id\":\"https:\/\/arrandeterra.es\/es\/dia-solidario-en-sant-dalmai\/#article\",\"isPartOf\":{\"@id\":\"https:\/\/arrandeterra.es\/es\/dia-solidario-en-sant-dalmai\/\"},\"author\":{\"name\":\"Joan Isern\",\"@id\":\"https:\/\/arrandeterra.es\/es\/#\/schema\/person\/7e907015ec3c95038cb1521578831bd8\"},\"headline\":\"D\u00cdA SOLIDARIO EN \u00abSANT DALMAI\u00bb\",\"datePublished\":\"2012-01-28T11:34:39+00:00\",\"dateModified\":\"2012-08-18T12:19:05+00:00\",\"mainEntityOfPage\":{\"@id\":\"https:\/\/arrandeterra.es\/es\/dia-solidario-en-sant-dalmai\/\"},\"wordCount\":229,\"commentCount\":0,\"image\":{\"@id\":\"https:\/\/arrandeterra.es\/es\/dia-solidario-en-sant-dalmai\/#primaryimage\"},\"thumbnailUrl\":\"https:\/\/arrandeterra.es\/wp-content\/uploads\/AG313181-300x199.jpg\",\"articleSection\":[\"Sin categor\u00eda @es\"],\"inLanguage\":\"es\",\"potentialAction\":[{\"@type\":\"CommentAction\",\"name\":\"Comment\",\"target\":[\"https:\/\/arrandeterra.es\/es\/dia-solidario-en-sant-dalmai\/#respond\"]}]},{\"@type\":\"WebPage\",\"@id\":\"https:\/\/arrandeterra.es\/es\/dia-solidario-en-sant-dalmai\/\",\"url\":\"https:\/\/arrandeterra.es\/es\/dia-solidario-en-sant-dalmai\/\",\"name\":\"D\u00cdA SOLIDARIO EN \\\"SANT DALMAI\\\" - Arrandeterra,coaching amb cavalls Girona.\",\"isPartOf\":{\"@id\":\"https:\/\/arrandeterra.es\/es\/#website\"},\"primaryImageOfPage\":{\"@id\":\"https:\/\/arrandeterra.es\/es\/dia-solidario-en-sant-dalmai\/#primaryimage\"},\"image\":{\"@id\":\"https:\/\/arrandeterra.es\/es\/dia-solidario-en-sant-dalmai\/#primaryimage\"},\"thumbnailUrl\":\"https:\/\/arrandeterra.es\/wp-content\/uploads\/AG313181-300x199.jpg\",\"datePublished\":\"2012-01-28T11:34:39+00:00\",\"dateModified\":\"2012-08-18T12:19:05+00:00\",\"author\":{\"@id\":\"https:\/\/arrandeterra.es\/es\/#\/schema\/person\/7e907015ec3c95038cb1521578831bd8\"},\"breadcrumb\":{\"@id\":\"https:\/\/arrandeterra.es\/es\/dia-solidario-en-sant-dalmai\/#breadcrumb\"},\"inLanguage\":\"es\",\"potentialAction\":[{\"@type\":\"ReadAction\",\"target\":[\"https:\/\/arrandeterra.es\/es\/dia-solidario-en-sant-dalmai\/\"]}]},{\"@type\":\"ImageObject\",\"inLanguage\":\"es\",\"@id\":\"https:\/\/arrandeterra.es\/es\/dia-solidario-en-sant-dalmai\/#primaryimage\",\"url\":\"https:\/\/arrandeterra.es\/wp-content\/uploads\/AG313181-300x199.jpg\",\"contentUrl\":\"https:\/\/arrandeterra.es\/wp-content\/uploads\/AG313181-300x199.jpg\"},{\"@type\":\"BreadcrumbList\",\"@id\":\"https:\/\/arrandeterra.es\/es\/dia-solidario-en-sant-dalmai\/#breadcrumb\",\"itemListElement\":[{\"@type\":\"ListItem\",\"position\":1,\"name\":\"Inici\",\"item\":\"https:\/\/arrandeterra.es\/es\/\"},{\"@type\":\"ListItem\",\"position\":2,\"name\":\"D\u00cdA SOLIDARIO EN &#8220;SANT DALMAI&#8221;\"}]},{\"@type\":\"WebSite\",\"@id\":\"https:\/\/arrandeterra.es\/es\/#website\",\"url\":\"https:\/\/arrandeterra.es\/es\/\",\"name\":\"Arrandeterra,coaching amb cavalls Girona.\",\"description\":\"Coaching amb cavalls a Girona. Formaci\u00f3 i equinoter\u00e0pia amb cavalls.\",\"potentialAction\":[{\"@type\":\"SearchAction\",\"target\":{\"@type\":\"EntryPoint\",\"urlTemplate\":\"https:\/\/arrandeterra.es\/es\/?s={search_term_string}\"},\"query-input\":{\"@type\":\"PropertyValueSpecification\",\"valueRequired\":true,\"valueName\":\"search_term_string\"}}],\"inLanguage\":\"es\"},{\"@type\":\"Person\",\"@id\":\"https:\/\/arrandeterra.es\/es\/#\/schema\/person\/7e907015ec3c95038cb1521578831bd8\",\"name\":\"Joan Isern\",\"url\":\"https:\/\/arrandeterra.es\/es\/author\/joanisern\/\"}]}<\/script>\n<!-- \/ Yoast SEO plugin. -->","yoast_head_json":{"title":"D\u00cdA SOLIDARIO EN \"SANT DALMAI\" - Arrandeterra,coaching amb cavalls Girona.","robots":{"index":"index","follow":"follow","max-snippet":"max-snippet:-1","max-image-preview":"max-image-preview:large","max-video-preview":"max-video-preview:-1"},"canonical":"https:\/\/arrandeterra.es\/es\/dia-solidario-en-sant-dalmai\/","og_locale":"es_ES","og_type":"article","og_title":"D\u00cdA SOLIDARIO EN \"SANT DALMAI\" - Arrandeterra,coaching amb cavalls Girona.","og_description":"Autora foto: Anna Gonz\u00e1lez Bello. El pasado d\u00eda 11 de diciembre, Arrandeterra colabor\u00f3 \u200b\u200bdesinteresadamente con la Primera jornada solidaria para los amantes de los animales, donde todo lo que se recolect\u00f3 fue para la Marat\u00f3 de TV3 que este a\u00f1o recaud\u00f3 fondos para los trasplantes. Durante la ma\u00f1ana del domingo, se hicieron varias actividades con [&hellip;]","og_url":"https:\/\/arrandeterra.es\/es\/dia-solidario-en-sant-dalmai\/","og_site_name":"Arrandeterra,coaching amb cavalls Girona.","article_published_time":"2012-01-28T11:34:39+00:00","article_modified_time":"2012-08-18T12:19:05+00:00","og_image":[{"url":"https:\/\/arrandeterra.es\/wp-content\/uploads\/AG313181-300x199.jpg","type":"","width":"","height":""}],"author":"Joan Isern","twitter_misc":{"Escrito por":"Joan Isern","Tiempo de lectura":"1 minuto"},"schema":{"@context":"https:\/\/schema.org","@graph":[{"@type":"Article","@id":"https:\/\/arrandeterra.es\/es\/dia-solidario-en-sant-dalmai\/#article","isPartOf":{"@id":"https:\/\/arrandeterra.es\/es\/dia-solidario-en-sant-dalmai\/"},"author":{"name":"Joan Isern","@id":"https:\/\/arrandeterra.es\/es\/#\/schema\/person\/7e907015ec3c95038cb1521578831bd8"},"headline":"D\u00cdA SOLIDARIO EN \u00abSANT DALMAI\u00bb","datePublished":"2012-01-28T11:34:39+00:00","dateModified":"2012-08-18T12:19:05+00:00","mainEntityOfPage":{"@id":"https:\/\/arrandeterra.es\/es\/dia-solidario-en-sant-dalmai\/"},"wordCount":229,"commentCount":0,"image":{"@id":"https:\/\/arrandeterra.es\/es\/dia-solidario-en-sant-dalmai\/#primaryimage"},"thumbnailUrl":"https:\/\/arrandeterra.es\/wp-content\/uploads\/AG313181-300x199.jpg","articleSection":["Sin categor\u00eda @es"],"inLanguage":"es","potentialAction":[{"@type":"CommentAction","name":"Comment","target":["https:\/\/arrandeterra.es\/es\/dia-solidario-en-sant-dalmai\/#respond"]}]},{"@type":"WebPage","@id":"https:\/\/arrandeterra.es\/es\/dia-solidario-en-sant-dalmai\/","url":"https:\/\/arrandeterra.es\/es\/dia-solidario-en-sant-dalmai\/","name":"D\u00cdA SOLIDARIO EN \"SANT DALMAI\" - Arrandeterra,coaching amb cavalls Girona.","isPartOf":{"@id":"https:\/\/arrandeterra.es\/es\/#website"},"primaryImageOfPage":{"@id":"https:\/\/arrandeterra.es\/es\/dia-solidario-en-sant-dalmai\/#primaryimage"},"image":{"@id":"https:\/\/arrandeterra.es\/es\/dia-solidario-en-sant-dalmai\/#primaryimage"},"thumbnailUrl":"https:\/\/arrandeterra.es\/wp-content\/uploads\/AG313181-300x199.jpg","datePublished":"2012-01-28T11:34:39+00:00","dateModified":"2012-08-18T12:19:05+00:00","author":{"@id":"https:\/\/arrandeterra.es\/es\/#\/schema\/person\/7e907015ec3c95038cb1521578831bd8"},"breadcrumb":{"@id":"https:\/\/arrandeterra.es\/es\/dia-solidario-en-sant-dalmai\/#breadcrumb"},"inLanguage":"es","potentialAction":[{"@type":"ReadAction","target":["https:\/\/arrandeterra.es\/es\/dia-solidario-en-sant-dalmai\/"]}]},{"@type":"ImageObject","inLanguage":"es","@id":"https:\/\/arrandeterra.es\/es\/dia-solidario-en-sant-dalmai\/#primaryimage","url":"https:\/\/arrandeterra.es\/wp-content\/uploads\/AG313181-300x199.jpg","contentUrl":"https:\/\/arrandeterra.es\/wp-content\/uploads\/AG313181-300x199.jpg"},{"@type":"BreadcrumbList","@id":"https:\/\/arrandeterra.es\/es\/dia-solidario-en-sant-dalmai\/#breadcrumb","itemListElement":[{"@type":"ListItem","position":1,"name":"Inici","item":"https:\/\/arrandeterra.es\/es\/"},{"@type":"ListItem","position":2,"name":"D\u00cdA SOLIDARIO EN &#8220;SANT DALMAI&#8221;"}]},{"@type":"WebSite","@id":"https:\/\/arrandeterra.es\/es\/#website","url":"https:\/\/arrandeterra.es\/es\/","name":"Arrandeterra,coaching amb cavalls Girona.","description":"Coaching amb cavalls a Girona. Formaci\u00f3 i equinoter\u00e0pia amb cavalls.","potentialAction":[{"@type":"SearchAction","target":{"@type":"EntryPoint","urlTemplate":"https:\/\/arrandeterra.es\/es\/?s={search_term_string}"},"query-input":{"@type":"PropertyValueSpecification","valueRequired":true,"valueName":"search_term_string"}}],"inLanguage":"es"},{"@type":"Person","@id":"https:\/\/arrandeterra.es\/es\/#\/schema\/person\/7e907015ec3c95038cb1521578831bd8","name":"Joan Isern","url":"https:\/\/arrandeterra.es\/es\/author\/joanisern\/"}]}},"_links":{"self":[{"href":"https:\/\/arrandeterra.es\/es\/wp-json\/wp\/v2\/posts\/841","targetHints":{"allow":["GET"]}}],"collection":[{"href":"https:\/\/arrandeterra.es\/es\/wp-json\/wp\/v2\/posts"}],"about":[{"href":"https:\/\/arrandeterra.es\/es\/wp-json\/wp\/v2\/types\/post"}],"author":[{"embeddable":true,"href":"https:\/\/arrandeterra.es\/es\/wp-json\/wp\/v2\/users\/2"}],"replies":[{"embeddable":true,"href":"https:\/\/arrandeterra.es\/es\/wp-json\/wp\/v2\/comments?post=841"}],"version-history":[{"count":0,"href":"https:\/\/arrandeterra.es\/es\/wp-json\/wp\/v2\/posts\/841\/revisions"}],"wp:attachment":[{"href":"https:\/\/arrandeterra.es\/es\/wp-json\/wp\/v2\/media?parent=841"}],"wp:term":[{"taxonomy":"category","embeddable":true,"href":"https:\/\/arrandeterra.es\/es\/wp-json\/wp\/v2\/categories?post=841"},{"taxonomy":"post_tag","embeddable":true,"href":"https:\/\/arrandeterra.es\/es\/wp-json\/wp\/v2\/tags?post=841"}],"curies":[{"name":"wp","href":"https:\/\/api.w.org\/{rel}","templated":true}]}}