{"id":856,"date":"2012-01-30T21:59:25","date_gmt":"2012-01-30T20:59:25","guid":{"rendered":"https:\/\/arrandeterra.es\/?p=856"},"modified":"2012-01-30T21:59:25","modified_gmt":"2012-01-30T20:59:25","slug":"semana-santa-rural-del-2-al-6-de-abril-del-2012","status":"publish","type":"post","link":"https:\/\/arrandeterra.es\/es\/semana-santa-rural-del-2-al-6-de-abril-del-2012\/","title":{"rendered":"SEMANA SANTA RURAL. DEL 2 AL 6 DE ABRIL DEL 2012"},"content":{"rendered":"<p><span style=\"color: #ff00ff;\"><a href=\"https:\/\/arrandeterra.es\/wp-content\/uploads\/MARIA-21072011-2421.jpg\"><img loading=\"lazy\" decoding=\"async\" class=\"aligncenter size-medium wp-image-859\" title=\"MARIA 21072011 242\" src=\"https:\/\/arrandeterra.es\/wp-content\/uploads\/MARIA-21072011-2421-300x225.jpg\" alt=\"\" width=\"300\" height=\"225\" srcset=\"https:\/\/arrandeterra.es\/wp-content\/uploads\/MARIA-21072011-2421-300x225.jpg 300w, https:\/\/arrandeterra.es\/wp-content\/uploads\/MARIA-21072011-2421-1024x768.jpg 1024w\" sizes=\"(max-width: 300px) 100vw, 300px\" \/><\/a><\/span><\/p>\n<p><span style=\"color: #ff00ff;\">Arrandeterra<\/span>, ofrece una serie de actividades enfocadas a los ni\u00f1os y ni\u00f1as de 6 a 12 a\u00f1os, amantes de los animales y de la naturaleza.<\/p>\n<p>La semana del <span style=\"color: #ff00ff;\">2 al 6 de Abril<\/span>, ambos d\u00edas incluidos, se llevar\u00e1 a cabo un programa de actividades al aire libre y en el aula, donde los ni\u00f1os y ni\u00f1as aprender\u00e1n a cuidar los animales de la granja-escuela, a conocer c\u00f3mo viven y c\u00f3mo se relacionan.<\/p>\n<p><a href=\"https:\/\/arrandeterra.es\/wp-content\/uploads\/AG313822.jpg\"><img loading=\"lazy\" decoding=\"async\" class=\"aligncenter size-medium wp-image-861\" title=\"_AG31382\" src=\"https:\/\/arrandeterra.es\/wp-content\/uploads\/AG313822-199x300.jpg\" alt=\"\" width=\"199\" height=\"300\" srcset=\"https:\/\/arrandeterra.es\/wp-content\/uploads\/AG313822-199x300.jpg 199w, https:\/\/arrandeterra.es\/wp-content\/uploads\/AG313822.jpg 680w\" sizes=\"(max-width: 199px) 100vw, 199px\" \/><\/a><\/p>\n<p>&nbsp;<\/p>\n<p>Haremos actividades de la vida rural, creativas y diferentes, donde los ni\u00f1os y ni\u00f1as aprender\u00e1n a trabajar en equipo de una manera efectiva y emp\u00e1tica.<\/p>\n<p><a href=\"https:\/\/arrandeterra.es\/wp-content\/uploads\/repas1.jpg\"><img loading=\"lazy\" decoding=\"async\" class=\"aligncenter size-medium wp-image-862\" title=\"repas\" src=\"https:\/\/arrandeterra.es\/wp-content\/uploads\/repas1-300x225.jpg\" alt=\"\" width=\"300\" height=\"225\" srcset=\"https:\/\/arrandeterra.es\/wp-content\/uploads\/repas1-300x225.jpg 300w, https:\/\/arrandeterra.es\/wp-content\/uploads\/repas1.jpg 648w\" sizes=\"(max-width: 300px) 100vw, 300px\" \/><\/a><br \/>\n<span style=\"color: #ff00ff; text-decoration: underline;\">D\u00edas:<\/span> semana del 2 al 6 de abril de 2012.<\/p>\n<p><span style=\"text-decoration: underline;\"><span style=\"color: #ff00ff; text-decoration: underline;\">Horario:<\/span><\/span><\/p>\n<p>\u00b7 9h a 18h (comida y merienda incluido)<\/p>\n<p>\u00b7 9 a 13h y de 15h a 18h (merienda incluida)<\/p>\n<p><span style=\"color: #ff00ff; text-decoration: underline;\">Precios:<\/span><\/p>\n<p>\u00b7 Horario de 9 a 18h toda la semana: 400 Euros \/ ni\u00f1o. (80euros\/dia)<\/p>\n<p>\u00b7 Horario de 9 a 13h y de 15 a 18h toda la semana: 365 Euros \/ ni\u00f1o. (73euros\/dia)<\/p>\n<p><span style=\"color: #ff00ff; text-decoration: underline;\">Lugar:<\/span> Mas Ca&#8217;l Cucut. Vilob\u00ed d&#8217;Onyar. Km. 15. s.n.<\/p>\n<p><span style=\"color: #ff00ff; text-decoration: underline;\">Telf. contacto:<\/span> Mar\u00eda de las Heras. 669 253 487.<\/p>\n<p><span style=\"color: #ff00ff; text-decoration: underline;\">Programa de actividades:<\/span><\/p>\n<p>9-11h: Alimentaci\u00f3n y cuidado de los animales de la granja escuela.<\/p>\n<p>11-11&#8217;30h: Desayuno (a cargo de los padres).<\/p>\n<p>11&#8217;30-13h: Etolog\u00eda animal. Manejo y monta.<\/p>\n<p>13-15h: Comida y juegos de equipo. Tiempo libre.<\/p>\n<p>15 a 18h: Juegos con caballos (para potenciar liderazgo, trabajo en equipo, compa\u00f1erismo &#8230;). Cuidar el Huerto. Manualidades.<\/p>\n<p><span style=\"color: #ff00ff; text-decoration: underline;\">Inscripciones:<\/span> en el apartado \u00abinscripci\u00f3n cursos\u00bb de nuestra web.<br \/>\n<a href=\"https:\/\/arrandeterra.es\/wp-content\/uploads\/IMG_28241.jpg\"><img loading=\"lazy\" decoding=\"async\" class=\"aligncenter size-medium wp-image-858\" title=\"IMG_2824\" src=\"https:\/\/arrandeterra.es\/wp-content\/uploads\/IMG_28241-300x225.jpg\" alt=\"\" width=\"300\" height=\"225\" srcset=\"https:\/\/arrandeterra.es\/wp-content\/uploads\/IMG_28241-300x225.jpg 300w, https:\/\/arrandeterra.es\/wp-content\/uploads\/IMG_28241-1024x768.jpg 1024w, https:\/\/arrandeterra.es\/wp-content\/uploads\/IMG_28241.jpg 2048w\" sizes=\"(max-width: 300px) 100vw, 300px\" \/><\/a><\/p>\n","protected":false},"excerpt":{"rendered":"<p>Arrandeterra, ofrece una serie de actividades enfocadas a los ni\u00f1os y ni\u00f1as de 6 a 12 a\u00f1os, amantes de los animales y de la naturaleza. La semana del 2 al 6 de Abril, ambos d\u00edas incluidos, se llevar\u00e1 a cabo un programa de actividades al aire libre y en el aula, donde los ni\u00f1os y [&hellip;]<\/p>\n","protected":false},"author":2,"featured_media":0,"comment_status":"open","ping_status":"closed","sticky":false,"template":"","format":"standard","meta":{"_et_pb_use_builder":"","_et_pb_old_content":"","_et_gb_content_width":"","footnotes":""},"categories":[4],"tags":[],"class_list":["post-856","post","type-post","status-publish","format-standard","hentry","category-sin-categoria-es"],"yoast_head":"<!-- This site is optimized with the Yoast SEO plugin v27.2 - https:\/\/yoast.com\/product\/yoast-seo-wordpress\/ -->\n<title>SEMANA SANTA RURAL. DEL 2 AL 6 DE ABRIL DEL 2012 - Arrandeterra,coaching amb cavalls Girona.<\/title>\n<meta name=\"robots\" content=\"index, follow, max-snippet:-1, max-image-preview:large, max-video-preview:-1\" \/>\n<link rel=\"canonical\" href=\"https:\/\/arrandeterra.es\/es\/semana-santa-rural-del-2-al-6-de-abril-del-2012\/\" \/>\n<meta property=\"og:locale\" content=\"es_ES\" \/>\n<meta property=\"og:type\" content=\"article\" \/>\n<meta property=\"og:title\" content=\"SEMANA SANTA RURAL. DEL 2 AL 6 DE ABRIL DEL 2012 - Arrandeterra,coaching amb cavalls Girona.\" \/>\n<meta property=\"og:description\" content=\"Arrandeterra, ofrece una serie de actividades enfocadas a los ni\u00f1os y ni\u00f1as de 6 a 12 a\u00f1os, amantes de los animales y de la naturaleza. La semana del 2 al 6 de Abril, ambos d\u00edas incluidos, se llevar\u00e1 a cabo un programa de actividades al aire libre y en el aula, donde los ni\u00f1os y [&hellip;]\" \/>\n<meta property=\"og:url\" content=\"https:\/\/arrandeterra.es\/es\/semana-santa-rural-del-2-al-6-de-abril-del-2012\/\" \/>\n<meta property=\"og:site_name\" content=\"Arrandeterra,coaching amb cavalls Girona.\" \/>\n<meta property=\"article:published_time\" content=\"2012-01-30T20:59:25+00:00\" \/>\n<meta property=\"og:image\" content=\"https:\/\/arrandeterra.es\/wp-content\/uploads\/MARIA-21072011-2421-300x225.jpg\" \/>\n<meta name=\"author\" content=\"Joan Isern\" \/>\n<meta name=\"twitter:label1\" content=\"Escrito por\" \/>\n\t<meta name=\"twitter:data1\" content=\"Joan Isern\" \/>\n\t<meta name=\"twitter:label2\" content=\"Tiempo de lectura\" \/>\n\t<meta name=\"twitter:data2\" content=\"1 minuto\" \/>\n<script type=\"application\/ld+json\" class=\"yoast-schema-graph\">{\"@context\":\"https:\/\/schema.org\",\"@graph\":[{\"@type\":\"Article\",\"@id\":\"https:\/\/arrandeterra.es\/es\/semana-santa-rural-del-2-al-6-de-abril-del-2012\/#article\",\"isPartOf\":{\"@id\":\"https:\/\/arrandeterra.es\/es\/semana-santa-rural-del-2-al-6-de-abril-del-2012\/\"},\"author\":{\"name\":\"Joan Isern\",\"@id\":\"https:\/\/arrandeterra.es\/es\/#\/schema\/person\/7e907015ec3c95038cb1521578831bd8\"},\"headline\":\"SEMANA SANTA RURAL. DEL 2 AL 6 DE ABRIL DEL 2012\",\"datePublished\":\"2012-01-30T20:59:25+00:00\",\"mainEntityOfPage\":{\"@id\":\"https:\/\/arrandeterra.es\/es\/semana-santa-rural-del-2-al-6-de-abril-del-2012\/\"},\"wordCount\":255,\"commentCount\":0,\"image\":{\"@id\":\"https:\/\/arrandeterra.es\/es\/semana-santa-rural-del-2-al-6-de-abril-del-2012\/#primaryimage\"},\"thumbnailUrl\":\"https:\/\/arrandeterra.es\/wp-content\/uploads\/MARIA-21072011-2421-300x225.jpg\",\"articleSection\":[\"Sin categor\u00eda @es\"],\"inLanguage\":\"es\",\"potentialAction\":[{\"@type\":\"CommentAction\",\"name\":\"Comment\",\"target\":[\"https:\/\/arrandeterra.es\/es\/semana-santa-rural-del-2-al-6-de-abril-del-2012\/#respond\"]}]},{\"@type\":\"WebPage\",\"@id\":\"https:\/\/arrandeterra.es\/es\/semana-santa-rural-del-2-al-6-de-abril-del-2012\/\",\"url\":\"https:\/\/arrandeterra.es\/es\/semana-santa-rural-del-2-al-6-de-abril-del-2012\/\",\"name\":\"SEMANA SANTA RURAL. DEL 2 AL 6 DE ABRIL DEL 2012 - Arrandeterra,coaching amb cavalls Girona.\",\"isPartOf\":{\"@id\":\"https:\/\/arrandeterra.es\/es\/#website\"},\"primaryImageOfPage\":{\"@id\":\"https:\/\/arrandeterra.es\/es\/semana-santa-rural-del-2-al-6-de-abril-del-2012\/#primaryimage\"},\"image\":{\"@id\":\"https:\/\/arrandeterra.es\/es\/semana-santa-rural-del-2-al-6-de-abril-del-2012\/#primaryimage\"},\"thumbnailUrl\":\"https:\/\/arrandeterra.es\/wp-content\/uploads\/MARIA-21072011-2421-300x225.jpg\",\"datePublished\":\"2012-01-30T20:59:25+00:00\",\"author\":{\"@id\":\"https:\/\/arrandeterra.es\/es\/#\/schema\/person\/7e907015ec3c95038cb1521578831bd8\"},\"breadcrumb\":{\"@id\":\"https:\/\/arrandeterra.es\/es\/semana-santa-rural-del-2-al-6-de-abril-del-2012\/#breadcrumb\"},\"inLanguage\":\"es\",\"potentialAction\":[{\"@type\":\"ReadAction\",\"target\":[\"https:\/\/arrandeterra.es\/es\/semana-santa-rural-del-2-al-6-de-abril-del-2012\/\"]}]},{\"@type\":\"ImageObject\",\"inLanguage\":\"es\",\"@id\":\"https:\/\/arrandeterra.es\/es\/semana-santa-rural-del-2-al-6-de-abril-del-2012\/#primaryimage\",\"url\":\"https:\/\/arrandeterra.es\/wp-content\/uploads\/MARIA-21072011-2421-300x225.jpg\",\"contentUrl\":\"https:\/\/arrandeterra.es\/wp-content\/uploads\/MARIA-21072011-2421-300x225.jpg\"},{\"@type\":\"BreadcrumbList\",\"@id\":\"https:\/\/arrandeterra.es\/es\/semana-santa-rural-del-2-al-6-de-abril-del-2012\/#breadcrumb\",\"itemListElement\":[{\"@type\":\"ListItem\",\"position\":1,\"name\":\"Inici\",\"item\":\"https:\/\/arrandeterra.es\/es\/\"},{\"@type\":\"ListItem\",\"position\":2,\"name\":\"SEMANA SANTA RURAL. DEL 2 AL 6 DE ABRIL DEL 2012\"}]},{\"@type\":\"WebSite\",\"@id\":\"https:\/\/arrandeterra.es\/es\/#website\",\"url\":\"https:\/\/arrandeterra.es\/es\/\",\"name\":\"Arrandeterra,coaching amb cavalls Girona.\",\"description\":\"Coaching amb cavalls a Girona. Formaci\u00f3 i equinoter\u00e0pia amb cavalls.\",\"potentialAction\":[{\"@type\":\"SearchAction\",\"target\":{\"@type\":\"EntryPoint\",\"urlTemplate\":\"https:\/\/arrandeterra.es\/es\/?s={search_term_string}\"},\"query-input\":{\"@type\":\"PropertyValueSpecification\",\"valueRequired\":true,\"valueName\":\"search_term_string\"}}],\"inLanguage\":\"es\"},{\"@type\":\"Person\",\"@id\":\"https:\/\/arrandeterra.es\/es\/#\/schema\/person\/7e907015ec3c95038cb1521578831bd8\",\"name\":\"Joan Isern\",\"url\":\"https:\/\/arrandeterra.es\/es\/author\/joanisern\/\"}]}<\/script>\n<!-- \/ Yoast SEO plugin. -->","yoast_head_json":{"title":"SEMANA SANTA RURAL. DEL 2 AL 6 DE ABRIL DEL 2012 - Arrandeterra,coaching amb cavalls Girona.","robots":{"index":"index","follow":"follow","max-snippet":"max-snippet:-1","max-image-preview":"max-image-preview:large","max-video-preview":"max-video-preview:-1"},"canonical":"https:\/\/arrandeterra.es\/es\/semana-santa-rural-del-2-al-6-de-abril-del-2012\/","og_locale":"es_ES","og_type":"article","og_title":"SEMANA SANTA RURAL. DEL 2 AL 6 DE ABRIL DEL 2012 - Arrandeterra,coaching amb cavalls Girona.","og_description":"Arrandeterra, ofrece una serie de actividades enfocadas a los ni\u00f1os y ni\u00f1as de 6 a 12 a\u00f1os, amantes de los animales y de la naturaleza. La semana del 2 al 6 de Abril, ambos d\u00edas incluidos, se llevar\u00e1 a cabo un programa de actividades al aire libre y en el aula, donde los ni\u00f1os y [&hellip;]","og_url":"https:\/\/arrandeterra.es\/es\/semana-santa-rural-del-2-al-6-de-abril-del-2012\/","og_site_name":"Arrandeterra,coaching amb cavalls Girona.","article_published_time":"2012-01-30T20:59:25+00:00","og_image":[{"url":"https:\/\/arrandeterra.es\/wp-content\/uploads\/MARIA-21072011-2421-300x225.jpg","type":"","width":"","height":""}],"author":"Joan Isern","twitter_misc":{"Escrito por":"Joan Isern","Tiempo de lectura":"1 minuto"},"schema":{"@context":"https:\/\/schema.org","@graph":[{"@type":"Article","@id":"https:\/\/arrandeterra.es\/es\/semana-santa-rural-del-2-al-6-de-abril-del-2012\/#article","isPartOf":{"@id":"https:\/\/arrandeterra.es\/es\/semana-santa-rural-del-2-al-6-de-abril-del-2012\/"},"author":{"name":"Joan Isern","@id":"https:\/\/arrandeterra.es\/es\/#\/schema\/person\/7e907015ec3c95038cb1521578831bd8"},"headline":"SEMANA SANTA RURAL. DEL 2 AL 6 DE ABRIL DEL 2012","datePublished":"2012-01-30T20:59:25+00:00","mainEntityOfPage":{"@id":"https:\/\/arrandeterra.es\/es\/semana-santa-rural-del-2-al-6-de-abril-del-2012\/"},"wordCount":255,"commentCount":0,"image":{"@id":"https:\/\/arrandeterra.es\/es\/semana-santa-rural-del-2-al-6-de-abril-del-2012\/#primaryimage"},"thumbnailUrl":"https:\/\/arrandeterra.es\/wp-content\/uploads\/MARIA-21072011-2421-300x225.jpg","articleSection":["Sin categor\u00eda @es"],"inLanguage":"es","potentialAction":[{"@type":"CommentAction","name":"Comment","target":["https:\/\/arrandeterra.es\/es\/semana-santa-rural-del-2-al-6-de-abril-del-2012\/#respond"]}]},{"@type":"WebPage","@id":"https:\/\/arrandeterra.es\/es\/semana-santa-rural-del-2-al-6-de-abril-del-2012\/","url":"https:\/\/arrandeterra.es\/es\/semana-santa-rural-del-2-al-6-de-abril-del-2012\/","name":"SEMANA SANTA RURAL. DEL 2 AL 6 DE ABRIL DEL 2012 - Arrandeterra,coaching amb cavalls Girona.","isPartOf":{"@id":"https:\/\/arrandeterra.es\/es\/#website"},"primaryImageOfPage":{"@id":"https:\/\/arrandeterra.es\/es\/semana-santa-rural-del-2-al-6-de-abril-del-2012\/#primaryimage"},"image":{"@id":"https:\/\/arrandeterra.es\/es\/semana-santa-rural-del-2-al-6-de-abril-del-2012\/#primaryimage"},"thumbnailUrl":"https:\/\/arrandeterra.es\/wp-content\/uploads\/MARIA-21072011-2421-300x225.jpg","datePublished":"2012-01-30T20:59:25+00:00","author":{"@id":"https:\/\/arrandeterra.es\/es\/#\/schema\/person\/7e907015ec3c95038cb1521578831bd8"},"breadcrumb":{"@id":"https:\/\/arrandeterra.es\/es\/semana-santa-rural-del-2-al-6-de-abril-del-2012\/#breadcrumb"},"inLanguage":"es","potentialAction":[{"@type":"ReadAction","target":["https:\/\/arrandeterra.es\/es\/semana-santa-rural-del-2-al-6-de-abril-del-2012\/"]}]},{"@type":"ImageObject","inLanguage":"es","@id":"https:\/\/arrandeterra.es\/es\/semana-santa-rural-del-2-al-6-de-abril-del-2012\/#primaryimage","url":"https:\/\/arrandeterra.es\/wp-content\/uploads\/MARIA-21072011-2421-300x225.jpg","contentUrl":"https:\/\/arrandeterra.es\/wp-content\/uploads\/MARIA-21072011-2421-300x225.jpg"},{"@type":"BreadcrumbList","@id":"https:\/\/arrandeterra.es\/es\/semana-santa-rural-del-2-al-6-de-abril-del-2012\/#breadcrumb","itemListElement":[{"@type":"ListItem","position":1,"name":"Inici","item":"https:\/\/arrandeterra.es\/es\/"},{"@type":"ListItem","position":2,"name":"SEMANA SANTA RURAL. DEL 2 AL 6 DE ABRIL DEL 2012"}]},{"@type":"WebSite","@id":"https:\/\/arrandeterra.es\/es\/#website","url":"https:\/\/arrandeterra.es\/es\/","name":"Arrandeterra,coaching amb cavalls Girona.","description":"Coaching amb cavalls a Girona. Formaci\u00f3 i equinoter\u00e0pia amb cavalls.","potentialAction":[{"@type":"SearchAction","target":{"@type":"EntryPoint","urlTemplate":"https:\/\/arrandeterra.es\/es\/?s={search_term_string}"},"query-input":{"@type":"PropertyValueSpecification","valueRequired":true,"valueName":"search_term_string"}}],"inLanguage":"es"},{"@type":"Person","@id":"https:\/\/arrandeterra.es\/es\/#\/schema\/person\/7e907015ec3c95038cb1521578831bd8","name":"Joan Isern","url":"https:\/\/arrandeterra.es\/es\/author\/joanisern\/"}]}},"_links":{"self":[{"href":"https:\/\/arrandeterra.es\/es\/wp-json\/wp\/v2\/posts\/856","targetHints":{"allow":["GET"]}}],"collection":[{"href":"https:\/\/arrandeterra.es\/es\/wp-json\/wp\/v2\/posts"}],"about":[{"href":"https:\/\/arrandeterra.es\/es\/wp-json\/wp\/v2\/types\/post"}],"author":[{"embeddable":true,"href":"https:\/\/arrandeterra.es\/es\/wp-json\/wp\/v2\/users\/2"}],"replies":[{"embeddable":true,"href":"https:\/\/arrandeterra.es\/es\/wp-json\/wp\/v2\/comments?post=856"}],"version-history":[{"count":0,"href":"https:\/\/arrandeterra.es\/es\/wp-json\/wp\/v2\/posts\/856\/revisions"}],"wp:attachment":[{"href":"https:\/\/arrandeterra.es\/es\/wp-json\/wp\/v2\/media?parent=856"}],"wp:term":[{"taxonomy":"category","embeddable":true,"href":"https:\/\/arrandeterra.es\/es\/wp-json\/wp\/v2\/categories?post=856"},{"taxonomy":"post_tag","embeddable":true,"href":"https:\/\/arrandeterra.es\/es\/wp-json\/wp\/v2\/tags?post=856"}],"curies":[{"name":"wp","href":"https:\/\/api.w.org\/{rel}","templated":true}]}}