{"id":876,"date":"2012-06-19T23:00:28","date_gmt":"2012-06-19T22:00:28","guid":{"rendered":"https:\/\/arrandeterra.es\/?p=876"},"modified":"2012-06-19T23:00:28","modified_gmt":"2012-06-19T22:00:28","slug":"estancias-de-verano-con-caballos","status":"publish","type":"post","link":"https:\/\/arrandeterra.es\/es\/estancias-de-verano-con-caballos\/","title":{"rendered":"ESTANCIAS DE VERANO CON CABALLOS"},"content":{"rendered":"<p>Este a\u00f1o, Arrandeterra organiza 3 casales de verano independientes, y de una semana de duraci\u00f3n cada uno de ellos.<\/p>\n<p>En la Mas\u00eda de Ca&#8217;l Cucut, en Vilob\u00ed d&#8217;Onyar, haremos actividades y juegos con los animales de la granja-escuela, pero sobre todo, aprenderemos c\u00f3mo viven los caballos, c\u00f3mo se relacionan, su manejo, monta, etc .. .<\/p>\n<p>Haremos juegos de equipo para potenciar la cohesi\u00f3n, creatividad y valores.<\/p>\n<p><span style=\"text-decoration: underline;\">Semanas:<\/span><\/p>\n<p>Del 2 al 6 de julio de 2012.<\/p>\n<p>Del 23 al 27 de julio de 2012.<\/p>\n<p>Del 6 al 10 de agosto de 2012.<\/p>\n<p><span style=\"text-decoration: underline;\">Horarios y precios:<\/span><\/p>\n<p>Casal de ma\u00f1anas: de 9 a 14h. 150 Euros \/ semana, o 30 Euros un d\u00eda.<\/p>\n<p>Casal todo el d\u00eda: de 9 a 16h. 200 Euros \/ semana, o 40 Euros un d\u00eda.<\/p>\n<p>Para inscripciones, rellenen el formulario de la web.<\/p>\n<p>&nbsp;<\/p>\n<p><a href=\"https:\/\/arrandeterra.es\/wp-content\/uploads\/Casal11.jpg\"><img loading=\"lazy\" decoding=\"async\" class=\"aligncenter size-medium wp-image-878\" title=\"Casal[1]\" src=\"https:\/\/arrandeterra.es\/wp-content\/uploads\/Casal11-212x300.jpg\" alt=\"\" width=\"212\" height=\"300\" srcset=\"https:\/\/arrandeterra.es\/wp-content\/uploads\/Casal11-212x300.jpg 212w, https:\/\/arrandeterra.es\/wp-content\/uploads\/Casal11-723x1024.jpg 723w, https:\/\/arrandeterra.es\/wp-content\/uploads\/Casal11.jpg 1240w\" sizes=\"(max-width: 212px) 100vw, 212px\" \/><\/a><\/p>\n<p>Para m\u00e1s informaci\u00f3n:<\/p>\n<p>info@arrandeterra.cat<\/p>\n","protected":false},"excerpt":{"rendered":"<p>Este a\u00f1o, Arrandeterra organiza 3 casales de verano independientes, y de una semana de duraci\u00f3n cada uno de ellos. En la Mas\u00eda de Ca&#8217;l Cucut, en Vilob\u00ed d&#8217;Onyar, haremos actividades y juegos con los animales de la granja-escuela, pero sobre todo, aprenderemos c\u00f3mo viven los caballos, c\u00f3mo se relacionan, su manejo, monta, etc .. . [&hellip;]<\/p>\n","protected":false},"author":2,"featured_media":0,"comment_status":"open","ping_status":"closed","sticky":false,"template":"","format":"standard","meta":{"_et_pb_use_builder":"","_et_pb_old_content":"","_et_gb_content_width":"","footnotes":""},"categories":[50,17,49,19,25,14],"tags":[],"class_list":["post-876","post","type-post","status-publish","format-standard","hentry","category-casal","category-coaching-con-caballos","category-colonies","category-formacio","category-formacion-2","category-taller"],"yoast_head":"<!-- This site is optimized with the Yoast SEO plugin v27.2 - https:\/\/yoast.com\/product\/yoast-seo-wordpress\/ -->\n<title>ESTANCIAS DE VERANO CON CABALLOS - Arrandeterra,coaching amb cavalls Girona.<\/title>\n<meta name=\"robots\" content=\"index, follow, max-snippet:-1, max-image-preview:large, max-video-preview:-1\" \/>\n<link rel=\"canonical\" href=\"https:\/\/arrandeterra.es\/es\/estancias-de-verano-con-caballos\/\" \/>\n<meta property=\"og:locale\" content=\"es_ES\" \/>\n<meta property=\"og:type\" content=\"article\" \/>\n<meta property=\"og:title\" content=\"ESTANCIAS DE VERANO CON CABALLOS - Arrandeterra,coaching amb cavalls Girona.\" \/>\n<meta property=\"og:description\" content=\"Este a\u00f1o, Arrandeterra organiza 3 casales de verano independientes, y de una semana de duraci\u00f3n cada uno de ellos. En la Mas\u00eda de Ca&#8217;l Cucut, en Vilob\u00ed d&#8217;Onyar, haremos actividades y juegos con los animales de la granja-escuela, pero sobre todo, aprenderemos c\u00f3mo viven los caballos, c\u00f3mo se relacionan, su manejo, monta, etc .. . [&hellip;]\" \/>\n<meta property=\"og:url\" content=\"https:\/\/arrandeterra.es\/es\/estancias-de-verano-con-caballos\/\" \/>\n<meta property=\"og:site_name\" content=\"Arrandeterra,coaching amb cavalls Girona.\" \/>\n<meta property=\"article:published_time\" content=\"2012-06-19T22:00:28+00:00\" \/>\n<meta property=\"og:image\" content=\"https:\/\/arrandeterra.es\/wp-content\/uploads\/Casal11-212x300.jpg\" \/>\n<meta name=\"author\" content=\"Joan Isern\" \/>\n<meta name=\"twitter:label1\" content=\"Escrito por\" \/>\n\t<meta name=\"twitter:data1\" content=\"Joan Isern\" \/>\n\t<meta name=\"twitter:label2\" content=\"Tiempo de lectura\" \/>\n\t<meta name=\"twitter:data2\" content=\"1 minuto\" \/>\n<script type=\"application\/ld+json\" class=\"yoast-schema-graph\">{\"@context\":\"https:\/\/schema.org\",\"@graph\":[{\"@type\":\"Article\",\"@id\":\"https:\/\/arrandeterra.es\/es\/estancias-de-verano-con-caballos\/#article\",\"isPartOf\":{\"@id\":\"https:\/\/arrandeterra.es\/es\/estancias-de-verano-con-caballos\/\"},\"author\":{\"name\":\"Joan Isern\",\"@id\":\"https:\/\/arrandeterra.es\/es\/#\/schema\/person\/7e907015ec3c95038cb1521578831bd8\"},\"headline\":\"ESTANCIAS DE VERANO CON CABALLOS\",\"datePublished\":\"2012-06-19T22:00:28+00:00\",\"mainEntityOfPage\":{\"@id\":\"https:\/\/arrandeterra.es\/es\/estancias-de-verano-con-caballos\/\"},\"wordCount\":141,\"commentCount\":0,\"image\":{\"@id\":\"https:\/\/arrandeterra.es\/es\/estancias-de-verano-con-caballos\/#primaryimage\"},\"thumbnailUrl\":\"https:\/\/arrandeterra.es\/wp-content\/uploads\/Casal11-212x300.jpg\",\"articleSection\":[\"casal\",\"Coaching con caballos\",\"col\u00f2nies\",\"Formaci\u00f3\",\"Formaci\u00f3n\",\"Taller\"],\"inLanguage\":\"es\",\"potentialAction\":[{\"@type\":\"CommentAction\",\"name\":\"Comment\",\"target\":[\"https:\/\/arrandeterra.es\/es\/estancias-de-verano-con-caballos\/#respond\"]}]},{\"@type\":\"WebPage\",\"@id\":\"https:\/\/arrandeterra.es\/es\/estancias-de-verano-con-caballos\/\",\"url\":\"https:\/\/arrandeterra.es\/es\/estancias-de-verano-con-caballos\/\",\"name\":\"ESTANCIAS DE VERANO CON CABALLOS - Arrandeterra,coaching amb cavalls Girona.\",\"isPartOf\":{\"@id\":\"https:\/\/arrandeterra.es\/es\/#website\"},\"primaryImageOfPage\":{\"@id\":\"https:\/\/arrandeterra.es\/es\/estancias-de-verano-con-caballos\/#primaryimage\"},\"image\":{\"@id\":\"https:\/\/arrandeterra.es\/es\/estancias-de-verano-con-caballos\/#primaryimage\"},\"thumbnailUrl\":\"https:\/\/arrandeterra.es\/wp-content\/uploads\/Casal11-212x300.jpg\",\"datePublished\":\"2012-06-19T22:00:28+00:00\",\"author\":{\"@id\":\"https:\/\/arrandeterra.es\/es\/#\/schema\/person\/7e907015ec3c95038cb1521578831bd8\"},\"breadcrumb\":{\"@id\":\"https:\/\/arrandeterra.es\/es\/estancias-de-verano-con-caballos\/#breadcrumb\"},\"inLanguage\":\"es\",\"potentialAction\":[{\"@type\":\"ReadAction\",\"target\":[\"https:\/\/arrandeterra.es\/es\/estancias-de-verano-con-caballos\/\"]}]},{\"@type\":\"ImageObject\",\"inLanguage\":\"es\",\"@id\":\"https:\/\/arrandeterra.es\/es\/estancias-de-verano-con-caballos\/#primaryimage\",\"url\":\"https:\/\/arrandeterra.es\/wp-content\/uploads\/Casal11-212x300.jpg\",\"contentUrl\":\"https:\/\/arrandeterra.es\/wp-content\/uploads\/Casal11-212x300.jpg\"},{\"@type\":\"BreadcrumbList\",\"@id\":\"https:\/\/arrandeterra.es\/es\/estancias-de-verano-con-caballos\/#breadcrumb\",\"itemListElement\":[{\"@type\":\"ListItem\",\"position\":1,\"name\":\"Inici\",\"item\":\"https:\/\/arrandeterra.es\/es\/\"},{\"@type\":\"ListItem\",\"position\":2,\"name\":\"ESTANCIAS DE VERANO CON CABALLOS\"}]},{\"@type\":\"WebSite\",\"@id\":\"https:\/\/arrandeterra.es\/es\/#website\",\"url\":\"https:\/\/arrandeterra.es\/es\/\",\"name\":\"Arrandeterra,coaching amb cavalls Girona.\",\"description\":\"Coaching amb cavalls a Girona. Formaci\u00f3 i equinoter\u00e0pia amb cavalls.\",\"potentialAction\":[{\"@type\":\"SearchAction\",\"target\":{\"@type\":\"EntryPoint\",\"urlTemplate\":\"https:\/\/arrandeterra.es\/es\/?s={search_term_string}\"},\"query-input\":{\"@type\":\"PropertyValueSpecification\",\"valueRequired\":true,\"valueName\":\"search_term_string\"}}],\"inLanguage\":\"es\"},{\"@type\":\"Person\",\"@id\":\"https:\/\/arrandeterra.es\/es\/#\/schema\/person\/7e907015ec3c95038cb1521578831bd8\",\"name\":\"Joan Isern\",\"url\":\"https:\/\/arrandeterra.es\/es\/author\/joanisern\/\"}]}<\/script>\n<!-- \/ Yoast SEO plugin. -->","yoast_head_json":{"title":"ESTANCIAS DE VERANO CON CABALLOS - Arrandeterra,coaching amb cavalls Girona.","robots":{"index":"index","follow":"follow","max-snippet":"max-snippet:-1","max-image-preview":"max-image-preview:large","max-video-preview":"max-video-preview:-1"},"canonical":"https:\/\/arrandeterra.es\/es\/estancias-de-verano-con-caballos\/","og_locale":"es_ES","og_type":"article","og_title":"ESTANCIAS DE VERANO CON CABALLOS - Arrandeterra,coaching amb cavalls Girona.","og_description":"Este a\u00f1o, Arrandeterra organiza 3 casales de verano independientes, y de una semana de duraci\u00f3n cada uno de ellos. En la Mas\u00eda de Ca&#8217;l Cucut, en Vilob\u00ed d&#8217;Onyar, haremos actividades y juegos con los animales de la granja-escuela, pero sobre todo, aprenderemos c\u00f3mo viven los caballos, c\u00f3mo se relacionan, su manejo, monta, etc .. . [&hellip;]","og_url":"https:\/\/arrandeterra.es\/es\/estancias-de-verano-con-caballos\/","og_site_name":"Arrandeterra,coaching amb cavalls Girona.","article_published_time":"2012-06-19T22:00:28+00:00","og_image":[{"url":"https:\/\/arrandeterra.es\/wp-content\/uploads\/Casal11-212x300.jpg","type":"","width":"","height":""}],"author":"Joan Isern","twitter_misc":{"Escrito por":"Joan Isern","Tiempo de lectura":"1 minuto"},"schema":{"@context":"https:\/\/schema.org","@graph":[{"@type":"Article","@id":"https:\/\/arrandeterra.es\/es\/estancias-de-verano-con-caballos\/#article","isPartOf":{"@id":"https:\/\/arrandeterra.es\/es\/estancias-de-verano-con-caballos\/"},"author":{"name":"Joan Isern","@id":"https:\/\/arrandeterra.es\/es\/#\/schema\/person\/7e907015ec3c95038cb1521578831bd8"},"headline":"ESTANCIAS DE VERANO CON CABALLOS","datePublished":"2012-06-19T22:00:28+00:00","mainEntityOfPage":{"@id":"https:\/\/arrandeterra.es\/es\/estancias-de-verano-con-caballos\/"},"wordCount":141,"commentCount":0,"image":{"@id":"https:\/\/arrandeterra.es\/es\/estancias-de-verano-con-caballos\/#primaryimage"},"thumbnailUrl":"https:\/\/arrandeterra.es\/wp-content\/uploads\/Casal11-212x300.jpg","articleSection":["casal","Coaching con caballos","col\u00f2nies","Formaci\u00f3","Formaci\u00f3n","Taller"],"inLanguage":"es","potentialAction":[{"@type":"CommentAction","name":"Comment","target":["https:\/\/arrandeterra.es\/es\/estancias-de-verano-con-caballos\/#respond"]}]},{"@type":"WebPage","@id":"https:\/\/arrandeterra.es\/es\/estancias-de-verano-con-caballos\/","url":"https:\/\/arrandeterra.es\/es\/estancias-de-verano-con-caballos\/","name":"ESTANCIAS DE VERANO CON CABALLOS - Arrandeterra,coaching amb cavalls Girona.","isPartOf":{"@id":"https:\/\/arrandeterra.es\/es\/#website"},"primaryImageOfPage":{"@id":"https:\/\/arrandeterra.es\/es\/estancias-de-verano-con-caballos\/#primaryimage"},"image":{"@id":"https:\/\/arrandeterra.es\/es\/estancias-de-verano-con-caballos\/#primaryimage"},"thumbnailUrl":"https:\/\/arrandeterra.es\/wp-content\/uploads\/Casal11-212x300.jpg","datePublished":"2012-06-19T22:00:28+00:00","author":{"@id":"https:\/\/arrandeterra.es\/es\/#\/schema\/person\/7e907015ec3c95038cb1521578831bd8"},"breadcrumb":{"@id":"https:\/\/arrandeterra.es\/es\/estancias-de-verano-con-caballos\/#breadcrumb"},"inLanguage":"es","potentialAction":[{"@type":"ReadAction","target":["https:\/\/arrandeterra.es\/es\/estancias-de-verano-con-caballos\/"]}]},{"@type":"ImageObject","inLanguage":"es","@id":"https:\/\/arrandeterra.es\/es\/estancias-de-verano-con-caballos\/#primaryimage","url":"https:\/\/arrandeterra.es\/wp-content\/uploads\/Casal11-212x300.jpg","contentUrl":"https:\/\/arrandeterra.es\/wp-content\/uploads\/Casal11-212x300.jpg"},{"@type":"BreadcrumbList","@id":"https:\/\/arrandeterra.es\/es\/estancias-de-verano-con-caballos\/#breadcrumb","itemListElement":[{"@type":"ListItem","position":1,"name":"Inici","item":"https:\/\/arrandeterra.es\/es\/"},{"@type":"ListItem","position":2,"name":"ESTANCIAS DE VERANO CON CABALLOS"}]},{"@type":"WebSite","@id":"https:\/\/arrandeterra.es\/es\/#website","url":"https:\/\/arrandeterra.es\/es\/","name":"Arrandeterra,coaching amb cavalls Girona.","description":"Coaching amb cavalls a Girona. Formaci\u00f3 i equinoter\u00e0pia amb cavalls.","potentialAction":[{"@type":"SearchAction","target":{"@type":"EntryPoint","urlTemplate":"https:\/\/arrandeterra.es\/es\/?s={search_term_string}"},"query-input":{"@type":"PropertyValueSpecification","valueRequired":true,"valueName":"search_term_string"}}],"inLanguage":"es"},{"@type":"Person","@id":"https:\/\/arrandeterra.es\/es\/#\/schema\/person\/7e907015ec3c95038cb1521578831bd8","name":"Joan Isern","url":"https:\/\/arrandeterra.es\/es\/author\/joanisern\/"}]}},"_links":{"self":[{"href":"https:\/\/arrandeterra.es\/es\/wp-json\/wp\/v2\/posts\/876","targetHints":{"allow":["GET"]}}],"collection":[{"href":"https:\/\/arrandeterra.es\/es\/wp-json\/wp\/v2\/posts"}],"about":[{"href":"https:\/\/arrandeterra.es\/es\/wp-json\/wp\/v2\/types\/post"}],"author":[{"embeddable":true,"href":"https:\/\/arrandeterra.es\/es\/wp-json\/wp\/v2\/users\/2"}],"replies":[{"embeddable":true,"href":"https:\/\/arrandeterra.es\/es\/wp-json\/wp\/v2\/comments?post=876"}],"version-history":[{"count":0,"href":"https:\/\/arrandeterra.es\/es\/wp-json\/wp\/v2\/posts\/876\/revisions"}],"wp:attachment":[{"href":"https:\/\/arrandeterra.es\/es\/wp-json\/wp\/v2\/media?parent=876"}],"wp:term":[{"taxonomy":"category","embeddable":true,"href":"https:\/\/arrandeterra.es\/es\/wp-json\/wp\/v2\/categories?post=876"},{"taxonomy":"post_tag","embeddable":true,"href":"https:\/\/arrandeterra.es\/es\/wp-json\/wp\/v2\/tags?post=876"}],"curies":[{"name":"wp","href":"https:\/\/api.w.org\/{rel}","templated":true}]}}