{"id":916,"date":"2012-08-28T12:43:54","date_gmt":"2012-08-28T11:43:54","guid":{"rendered":"https:\/\/arrandeterra.es\/?p=916"},"modified":"2012-08-28T12:44:32","modified_gmt":"2012-08-28T11:44:32","slug":"curso-de-autoaprendizaje-i-conocimiento-de-los-caballos-horse-sense","status":"publish","type":"post","link":"https:\/\/arrandeterra.es\/es\/curso-de-autoaprendizaje-i-conocimiento-de-los-caballos-horse-sense\/","title":{"rendered":"CURSO DE AUTOAPRENDIZAJE I CONOCIMIENTO DE LOS CABALLOS: HORSE SENSE"},"content":{"rendered":"<p>Los pr\u00f3ximos <strong>27 y 28 de octubre<\/strong>, en las instalaciones de Arrandeterra, Talia Soldevila, impartir\u00e1 uno de sus cursos, \u00fanico y exclusivo, llamado Horse Sense, la sensibilidad de los caballos.<\/p>\n<p>En este curso, aprenderemos a detectar nuestras emociones en nuestro cuerpo, a escucharlas y saber poner nombre a todas ellas, y a buscar estrategias para saberlas gestionar adecuadamente.<\/p>\n<p>Los caballos son unos grandes expertos en las detecciones de incongruencias emocionales, gracias a esta habilidad que tienen tan desarrollada, pueden sobrevivir a los posibles ataques de un mont\u00f3n de depredadores, pero tambi\u00e9n nos pueden ayudar a nosotros a aprender a escucharnos m\u00e1s, y con m\u00e1s claridad, y a ser congruentes con nuestras acciones y con la simbiosis entre cuerpo y mente.<\/p>\n<p>Los caballos nos mostrar\u00e1n con claridad, qu\u00e9 perciben a nuestro lado, y nos har\u00e1n\u00a0ver en qu\u00e9 momento estoy, del aqu\u00ed y el ahora, porque mirando a los ojos de un caballo,\u00a0podemos vernos a nosotros mismos.<\/p>\n<p><a href=\"https:\/\/arrandeterra.es\/wp-content\/uploads\/horsesense-arrandeterra1.jpg\"><img loading=\"lazy\" decoding=\"async\" class=\"aligncenter size-medium wp-image-918\" title=\"HorseSense\" src=\"https:\/\/arrandeterra.es\/wp-content\/uploads\/horsesense-arrandeterra1-211x300.jpg\" alt=\"\" width=\"211\" height=\"300\" srcset=\"https:\/\/arrandeterra.es\/wp-content\/uploads\/horsesense-arrandeterra1-211x300.jpg 211w, https:\/\/arrandeterra.es\/wp-content\/uploads\/horsesense-arrandeterra1.jpg 595w\" sizes=\"(max-width: 211px) 100vw, 211px\" \/><\/a><\/p>\n<p>&nbsp;<\/p>\n<p><img loading=\"lazy\" decoding=\"async\" class=\"aligncenter\" title=\"HorseSense\" src=\"https:\/\/arrandeterra.es\/wp-content\/uploads\/horsesense-21-211x300.jpg\" alt=\"\" width=\"211\" height=\"300\" \/><\/p>\n<p><span style=\"text-decoration: underline;\"><strong>M\u00e1s informaci\u00f3n:<\/strong><\/span><\/p>\n<p><a href=\"mailto:info@arrandeterra.cat\">info@arrandeterra.cat<\/a><\/p>\n<p>Telf. 669 253 487. Maria.<\/p>\n<p><span style=\"text-decoration: underline;\"><strong>Interesados:<\/strong><\/span><\/p>\n<p>Rellenen el formulario de inscripci\u00f3n que encontrar\u00e1n en la p\u00e1gina inicial de Arrandeterra,\u00a0 para reservar plaza, y nos pondremos en contacto con ustedes.<\/p>\n<p>&nbsp;<\/p>\n","protected":false},"excerpt":{"rendered":"<p>Los pr\u00f3ximos 27 y 28 de octubre, en las instalaciones de Arrandeterra, Talia Soldevila, impartir\u00e1 uno de sus cursos, \u00fanico y exclusivo, llamado Horse Sense, la sensibilidad de los caballos. En este curso, aprenderemos a detectar nuestras emociones en nuestro cuerpo, a escucharlas y saber poner nombre a todas ellas, y a buscar estrategias para [&hellip;]<\/p>\n","protected":false},"author":2,"featured_media":0,"comment_status":"open","ping_status":"closed","sticky":false,"template":"","format":"standard","meta":{"_et_pb_use_builder":"","_et_pb_old_content":"","_et_gb_content_width":"","footnotes":""},"categories":[4],"tags":[],"class_list":["post-916","post","type-post","status-publish","format-standard","hentry","category-sin-categoria-es"],"yoast_head":"<!-- This site is optimized with the Yoast SEO plugin v27.2 - https:\/\/yoast.com\/product\/yoast-seo-wordpress\/ -->\n<title>CURSO DE AUTOAPRENDIZAJE I CONOCIMIENTO DE LOS CABALLOS: HORSE SENSE - Arrandeterra,coaching amb cavalls Girona.<\/title>\n<meta name=\"robots\" content=\"index, follow, max-snippet:-1, max-image-preview:large, max-video-preview:-1\" \/>\n<link rel=\"canonical\" href=\"https:\/\/arrandeterra.es\/es\/curso-de-autoaprendizaje-i-conocimiento-de-los-caballos-horse-sense\/\" \/>\n<meta property=\"og:locale\" content=\"es_ES\" \/>\n<meta property=\"og:type\" content=\"article\" \/>\n<meta property=\"og:title\" content=\"CURSO DE AUTOAPRENDIZAJE I CONOCIMIENTO DE LOS CABALLOS: HORSE SENSE - Arrandeterra,coaching amb cavalls Girona.\" \/>\n<meta property=\"og:description\" content=\"Los pr\u00f3ximos 27 y 28 de octubre, en las instalaciones de Arrandeterra, Talia Soldevila, impartir\u00e1 uno de sus cursos, \u00fanico y exclusivo, llamado Horse Sense, la sensibilidad de los caballos. En este curso, aprenderemos a detectar nuestras emociones en nuestro cuerpo, a escucharlas y saber poner nombre a todas ellas, y a buscar estrategias para [&hellip;]\" \/>\n<meta property=\"og:url\" content=\"https:\/\/arrandeterra.es\/es\/curso-de-autoaprendizaje-i-conocimiento-de-los-caballos-horse-sense\/\" \/>\n<meta property=\"og:site_name\" content=\"Arrandeterra,coaching amb cavalls Girona.\" \/>\n<meta property=\"article:published_time\" content=\"2012-08-28T11:43:54+00:00\" \/>\n<meta property=\"article:modified_time\" content=\"2012-08-28T11:44:32+00:00\" \/>\n<meta property=\"og:image\" content=\"https:\/\/arrandeterra.es\/wp-content\/uploads\/horsesense-arrandeterra1-211x300.jpg\" \/>\n<meta name=\"author\" content=\"Joan Isern\" \/>\n<meta name=\"twitter:label1\" content=\"Escrito por\" \/>\n\t<meta name=\"twitter:data1\" content=\"Joan Isern\" \/>\n\t<meta name=\"twitter:label2\" content=\"Tiempo de lectura\" \/>\n\t<meta name=\"twitter:data2\" content=\"1 minuto\" \/>\n<script type=\"application\/ld+json\" class=\"yoast-schema-graph\">{\"@context\":\"https:\/\/schema.org\",\"@graph\":[{\"@type\":\"Article\",\"@id\":\"https:\/\/arrandeterra.es\/es\/curso-de-autoaprendizaje-i-conocimiento-de-los-caballos-horse-sense\/#article\",\"isPartOf\":{\"@id\":\"https:\/\/arrandeterra.es\/es\/curso-de-autoaprendizaje-i-conocimiento-de-los-caballos-horse-sense\/\"},\"author\":{\"name\":\"Joan Isern\",\"@id\":\"https:\/\/arrandeterra.es\/es\/#\/schema\/person\/7e907015ec3c95038cb1521578831bd8\"},\"headline\":\"CURSO DE AUTOAPRENDIZAJE I CONOCIMIENTO DE LOS CABALLOS: HORSE SENSE\",\"datePublished\":\"2012-08-28T11:43:54+00:00\",\"dateModified\":\"2012-08-28T11:44:32+00:00\",\"mainEntityOfPage\":{\"@id\":\"https:\/\/arrandeterra.es\/es\/curso-de-autoaprendizaje-i-conocimiento-de-los-caballos-horse-sense\/\"},\"wordCount\":210,\"commentCount\":0,\"image\":{\"@id\":\"https:\/\/arrandeterra.es\/es\/curso-de-autoaprendizaje-i-conocimiento-de-los-caballos-horse-sense\/#primaryimage\"},\"thumbnailUrl\":\"https:\/\/arrandeterra.es\/wp-content\/uploads\/horsesense-arrandeterra1-211x300.jpg\",\"articleSection\":[\"Sin categor\u00eda @es\"],\"inLanguage\":\"es\",\"potentialAction\":[{\"@type\":\"CommentAction\",\"name\":\"Comment\",\"target\":[\"https:\/\/arrandeterra.es\/es\/curso-de-autoaprendizaje-i-conocimiento-de-los-caballos-horse-sense\/#respond\"]}]},{\"@type\":\"WebPage\",\"@id\":\"https:\/\/arrandeterra.es\/es\/curso-de-autoaprendizaje-i-conocimiento-de-los-caballos-horse-sense\/\",\"url\":\"https:\/\/arrandeterra.es\/es\/curso-de-autoaprendizaje-i-conocimiento-de-los-caballos-horse-sense\/\",\"name\":\"CURSO DE AUTOAPRENDIZAJE I CONOCIMIENTO DE LOS CABALLOS: HORSE SENSE - Arrandeterra,coaching amb cavalls Girona.\",\"isPartOf\":{\"@id\":\"https:\/\/arrandeterra.es\/es\/#website\"},\"primaryImageOfPage\":{\"@id\":\"https:\/\/arrandeterra.es\/es\/curso-de-autoaprendizaje-i-conocimiento-de-los-caballos-horse-sense\/#primaryimage\"},\"image\":{\"@id\":\"https:\/\/arrandeterra.es\/es\/curso-de-autoaprendizaje-i-conocimiento-de-los-caballos-horse-sense\/#primaryimage\"},\"thumbnailUrl\":\"https:\/\/arrandeterra.es\/wp-content\/uploads\/horsesense-arrandeterra1-211x300.jpg\",\"datePublished\":\"2012-08-28T11:43:54+00:00\",\"dateModified\":\"2012-08-28T11:44:32+00:00\",\"author\":{\"@id\":\"https:\/\/arrandeterra.es\/es\/#\/schema\/person\/7e907015ec3c95038cb1521578831bd8\"},\"breadcrumb\":{\"@id\":\"https:\/\/arrandeterra.es\/es\/curso-de-autoaprendizaje-i-conocimiento-de-los-caballos-horse-sense\/#breadcrumb\"},\"inLanguage\":\"es\",\"potentialAction\":[{\"@type\":\"ReadAction\",\"target\":[\"https:\/\/arrandeterra.es\/es\/curso-de-autoaprendizaje-i-conocimiento-de-los-caballos-horse-sense\/\"]}]},{\"@type\":\"ImageObject\",\"inLanguage\":\"es\",\"@id\":\"https:\/\/arrandeterra.es\/es\/curso-de-autoaprendizaje-i-conocimiento-de-los-caballos-horse-sense\/#primaryimage\",\"url\":\"https:\/\/arrandeterra.es\/wp-content\/uploads\/horsesense-arrandeterra1-211x300.jpg\",\"contentUrl\":\"https:\/\/arrandeterra.es\/wp-content\/uploads\/horsesense-arrandeterra1-211x300.jpg\"},{\"@type\":\"BreadcrumbList\",\"@id\":\"https:\/\/arrandeterra.es\/es\/curso-de-autoaprendizaje-i-conocimiento-de-los-caballos-horse-sense\/#breadcrumb\",\"itemListElement\":[{\"@type\":\"ListItem\",\"position\":1,\"name\":\"Inici\",\"item\":\"https:\/\/arrandeterra.es\/es\/\"},{\"@type\":\"ListItem\",\"position\":2,\"name\":\"CURSO DE AUTOAPRENDIZAJE I CONOCIMIENTO DE LOS CABALLOS: HORSE SENSE\"}]},{\"@type\":\"WebSite\",\"@id\":\"https:\/\/arrandeterra.es\/es\/#website\",\"url\":\"https:\/\/arrandeterra.es\/es\/\",\"name\":\"Arrandeterra,coaching amb cavalls Girona.\",\"description\":\"Coaching amb cavalls a Girona. Formaci\u00f3 i equinoter\u00e0pia amb cavalls.\",\"potentialAction\":[{\"@type\":\"SearchAction\",\"target\":{\"@type\":\"EntryPoint\",\"urlTemplate\":\"https:\/\/arrandeterra.es\/es\/?s={search_term_string}\"},\"query-input\":{\"@type\":\"PropertyValueSpecification\",\"valueRequired\":true,\"valueName\":\"search_term_string\"}}],\"inLanguage\":\"es\"},{\"@type\":\"Person\",\"@id\":\"https:\/\/arrandeterra.es\/es\/#\/schema\/person\/7e907015ec3c95038cb1521578831bd8\",\"name\":\"Joan Isern\",\"url\":\"https:\/\/arrandeterra.es\/es\/author\/joanisern\/\"}]}<\/script>\n<!-- \/ Yoast SEO plugin. -->","yoast_head_json":{"title":"CURSO DE AUTOAPRENDIZAJE I CONOCIMIENTO DE LOS CABALLOS: HORSE SENSE - Arrandeterra,coaching amb cavalls Girona.","robots":{"index":"index","follow":"follow","max-snippet":"max-snippet:-1","max-image-preview":"max-image-preview:large","max-video-preview":"max-video-preview:-1"},"canonical":"https:\/\/arrandeterra.es\/es\/curso-de-autoaprendizaje-i-conocimiento-de-los-caballos-horse-sense\/","og_locale":"es_ES","og_type":"article","og_title":"CURSO DE AUTOAPRENDIZAJE I CONOCIMIENTO DE LOS CABALLOS: HORSE SENSE - Arrandeterra,coaching amb cavalls Girona.","og_description":"Los pr\u00f3ximos 27 y 28 de octubre, en las instalaciones de Arrandeterra, Talia Soldevila, impartir\u00e1 uno de sus cursos, \u00fanico y exclusivo, llamado Horse Sense, la sensibilidad de los caballos. En este curso, aprenderemos a detectar nuestras emociones en nuestro cuerpo, a escucharlas y saber poner nombre a todas ellas, y a buscar estrategias para [&hellip;]","og_url":"https:\/\/arrandeterra.es\/es\/curso-de-autoaprendizaje-i-conocimiento-de-los-caballos-horse-sense\/","og_site_name":"Arrandeterra,coaching amb cavalls Girona.","article_published_time":"2012-08-28T11:43:54+00:00","article_modified_time":"2012-08-28T11:44:32+00:00","og_image":[{"url":"https:\/\/arrandeterra.es\/wp-content\/uploads\/horsesense-arrandeterra1-211x300.jpg","type":"","width":"","height":""}],"author":"Joan Isern","twitter_misc":{"Escrito por":"Joan Isern","Tiempo de lectura":"1 minuto"},"schema":{"@context":"https:\/\/schema.org","@graph":[{"@type":"Article","@id":"https:\/\/arrandeterra.es\/es\/curso-de-autoaprendizaje-i-conocimiento-de-los-caballos-horse-sense\/#article","isPartOf":{"@id":"https:\/\/arrandeterra.es\/es\/curso-de-autoaprendizaje-i-conocimiento-de-los-caballos-horse-sense\/"},"author":{"name":"Joan Isern","@id":"https:\/\/arrandeterra.es\/es\/#\/schema\/person\/7e907015ec3c95038cb1521578831bd8"},"headline":"CURSO DE AUTOAPRENDIZAJE I CONOCIMIENTO DE LOS CABALLOS: HORSE SENSE","datePublished":"2012-08-28T11:43:54+00:00","dateModified":"2012-08-28T11:44:32+00:00","mainEntityOfPage":{"@id":"https:\/\/arrandeterra.es\/es\/curso-de-autoaprendizaje-i-conocimiento-de-los-caballos-horse-sense\/"},"wordCount":210,"commentCount":0,"image":{"@id":"https:\/\/arrandeterra.es\/es\/curso-de-autoaprendizaje-i-conocimiento-de-los-caballos-horse-sense\/#primaryimage"},"thumbnailUrl":"https:\/\/arrandeterra.es\/wp-content\/uploads\/horsesense-arrandeterra1-211x300.jpg","articleSection":["Sin categor\u00eda @es"],"inLanguage":"es","potentialAction":[{"@type":"CommentAction","name":"Comment","target":["https:\/\/arrandeterra.es\/es\/curso-de-autoaprendizaje-i-conocimiento-de-los-caballos-horse-sense\/#respond"]}]},{"@type":"WebPage","@id":"https:\/\/arrandeterra.es\/es\/curso-de-autoaprendizaje-i-conocimiento-de-los-caballos-horse-sense\/","url":"https:\/\/arrandeterra.es\/es\/curso-de-autoaprendizaje-i-conocimiento-de-los-caballos-horse-sense\/","name":"CURSO DE AUTOAPRENDIZAJE I CONOCIMIENTO DE LOS CABALLOS: HORSE SENSE - Arrandeterra,coaching amb cavalls Girona.","isPartOf":{"@id":"https:\/\/arrandeterra.es\/es\/#website"},"primaryImageOfPage":{"@id":"https:\/\/arrandeterra.es\/es\/curso-de-autoaprendizaje-i-conocimiento-de-los-caballos-horse-sense\/#primaryimage"},"image":{"@id":"https:\/\/arrandeterra.es\/es\/curso-de-autoaprendizaje-i-conocimiento-de-los-caballos-horse-sense\/#primaryimage"},"thumbnailUrl":"https:\/\/arrandeterra.es\/wp-content\/uploads\/horsesense-arrandeterra1-211x300.jpg","datePublished":"2012-08-28T11:43:54+00:00","dateModified":"2012-08-28T11:44:32+00:00","author":{"@id":"https:\/\/arrandeterra.es\/es\/#\/schema\/person\/7e907015ec3c95038cb1521578831bd8"},"breadcrumb":{"@id":"https:\/\/arrandeterra.es\/es\/curso-de-autoaprendizaje-i-conocimiento-de-los-caballos-horse-sense\/#breadcrumb"},"inLanguage":"es","potentialAction":[{"@type":"ReadAction","target":["https:\/\/arrandeterra.es\/es\/curso-de-autoaprendizaje-i-conocimiento-de-los-caballos-horse-sense\/"]}]},{"@type":"ImageObject","inLanguage":"es","@id":"https:\/\/arrandeterra.es\/es\/curso-de-autoaprendizaje-i-conocimiento-de-los-caballos-horse-sense\/#primaryimage","url":"https:\/\/arrandeterra.es\/wp-content\/uploads\/horsesense-arrandeterra1-211x300.jpg","contentUrl":"https:\/\/arrandeterra.es\/wp-content\/uploads\/horsesense-arrandeterra1-211x300.jpg"},{"@type":"BreadcrumbList","@id":"https:\/\/arrandeterra.es\/es\/curso-de-autoaprendizaje-i-conocimiento-de-los-caballos-horse-sense\/#breadcrumb","itemListElement":[{"@type":"ListItem","position":1,"name":"Inici","item":"https:\/\/arrandeterra.es\/es\/"},{"@type":"ListItem","position":2,"name":"CURSO DE AUTOAPRENDIZAJE I CONOCIMIENTO DE LOS CABALLOS: HORSE SENSE"}]},{"@type":"WebSite","@id":"https:\/\/arrandeterra.es\/es\/#website","url":"https:\/\/arrandeterra.es\/es\/","name":"Arrandeterra,coaching amb cavalls Girona.","description":"Coaching amb cavalls a Girona. Formaci\u00f3 i equinoter\u00e0pia amb cavalls.","potentialAction":[{"@type":"SearchAction","target":{"@type":"EntryPoint","urlTemplate":"https:\/\/arrandeterra.es\/es\/?s={search_term_string}"},"query-input":{"@type":"PropertyValueSpecification","valueRequired":true,"valueName":"search_term_string"}}],"inLanguage":"es"},{"@type":"Person","@id":"https:\/\/arrandeterra.es\/es\/#\/schema\/person\/7e907015ec3c95038cb1521578831bd8","name":"Joan Isern","url":"https:\/\/arrandeterra.es\/es\/author\/joanisern\/"}]}},"_links":{"self":[{"href":"https:\/\/arrandeterra.es\/es\/wp-json\/wp\/v2\/posts\/916","targetHints":{"allow":["GET"]}}],"collection":[{"href":"https:\/\/arrandeterra.es\/es\/wp-json\/wp\/v2\/posts"}],"about":[{"href":"https:\/\/arrandeterra.es\/es\/wp-json\/wp\/v2\/types\/post"}],"author":[{"embeddable":true,"href":"https:\/\/arrandeterra.es\/es\/wp-json\/wp\/v2\/users\/2"}],"replies":[{"embeddable":true,"href":"https:\/\/arrandeterra.es\/es\/wp-json\/wp\/v2\/comments?post=916"}],"version-history":[{"count":0,"href":"https:\/\/arrandeterra.es\/es\/wp-json\/wp\/v2\/posts\/916\/revisions"}],"wp:attachment":[{"href":"https:\/\/arrandeterra.es\/es\/wp-json\/wp\/v2\/media?parent=916"}],"wp:term":[{"taxonomy":"category","embeddable":true,"href":"https:\/\/arrandeterra.es\/es\/wp-json\/wp\/v2\/categories?post=916"},{"taxonomy":"post_tag","embeddable":true,"href":"https:\/\/arrandeterra.es\/es\/wp-json\/wp\/v2\/tags?post=916"}],"curies":[{"name":"wp","href":"https:\/\/api.w.org\/{rel}","templated":true}]}}